{"id":6651,"date":"2021-09-06T18:48:46","date_gmt":"2021-09-06T17:48:46","guid":{"rendered":"https:\/\/www.reseau-to.fr\/site\/?p=6651"},"modified":"2021-10-18T18:53:38","modified_gmt":"2021-10-18T16:53:38","slug":"adherer-au-reseau-to","status":"publish","type":"post","link":"https:\/\/www.reseau-to.fr\/site\/?p=6651","title":{"rendered":"Adh\u00e9rer au R\u00e9seau TO"},"content":{"rendered":"\t\t<div data-elementor-type=\"wp-post\" data-elementor-id=\"6651\" class=\"elementor elementor-6651\">\n\t\t\t\t\t\t<section class=\"elementor-section elementor-top-section elementor-element elementor-element-17c77ff8 elementor-section-boxed elementor-section-height-default elementor-section-height-default\" data-id=\"17c77ff8\" data-element_type=\"section\" data-e-type=\"section\">\n\t\t\t\t\t\t<div class=\"elementor-container elementor-column-gap-default\">\n\t\t\t\t\t<div class=\"elementor-column elementor-col-100 elementor-top-column elementor-element elementor-element-6fe5a27\" data-id=\"6fe5a27\" data-element_type=\"column\" data-e-type=\"column\">\n\t\t\t<div class=\"elementor-widget-wrap elementor-element-populated\">\n\t\t\t\t\t\t<div class=\"elementor-element elementor-element-33cef519 elementor-widget elementor-widget-text-editor\" data-id=\"33cef519\" data-element_type=\"widget\" data-e-type=\"widget\" data-widget_type=\"text-editor.default\">\n\t\t\t\t<div class=\"elementor-widget-container\">\n\t\t\t\t\t\t\t\t\t<p><\/p>\n<p><strong><span style=\"text-decoration: underline;\">Adh\u00e9rer au R\u00e9seau Th\u00e9\u00e2tre de l&rsquo;opprim\u00e9\u00b7e (rencontre du 18 sept 21)<br \/><\/span><\/strong>Sur le fond : c\u2019est d\u2019abord se conna\u00eetre et partager valeurs et pratiques (tel que d\u00e9finies dans la charte). Les adh\u00e9sions concernent les groupes, collectifs, associations, compagnies, th\u00e9\u00e2tres\u00a0 qui pratiquent le th\u00e9\u00e2tre de l\u2019opprim\u00e9\u00b7e.<\/p>\n<div id=\"magicdomid8\" dir=\"LTR\">\n<p><b>Pour faire une demande d\u2019adh\u00e9sion,\u00a0<\/b>apr\u00e8s avoir v\u00e9rifi\u00e9 \u00eatre en ad\u00e9quation avec les valeurs et principes de fonctionnement du r\u00e9seau (inscrits dans la charte),\u00a0 il est possible de venir se pr\u00e9senter \u00e0 une rencontre nationale. Les membres du r\u00e9seau peuvent inviter de nouveaux groupes \u00e0 prendre part \u00e0 ces rencontres mais il est aussi possible pour un nouveau groupe de faire lui-m\u00eame la demande de participer.\u00a0<\/p>\n<\/div>\n<div id=\"magicdomid9\" dir=\"LTR\">\n<p>Un espace de d\u00e9bat collectif peut\u00a0\u00eatre cr\u00e9\u00e9 au sein du r\u00e9seau pour confirmer l\u2019ad\u00e9quation du nouveau groupe\u00a0 \u00e0 ses valeurs.<\/p>\n<\/div>\n<div id=\"magicdomid10\" dir=\"LTR\">\n<p>L\u2019adh\u00e9sion peut \u00eatre accept\u00e9e \u00e0 la rencontre suivante (il est possible de prendre plus de temps avant d&rsquo;acter l&rsquo;adh\u00e9sion). <b>En adh\u00e9rant, le groupe r\u00e8gle sa cotisation annuelle<\/b>.\u00a0Celle-ci est \u00e0 ajuster librement, en fonction des ressources du groupe et\/ou de ses membres<a class=\"sdfootnoteanc\" href=\"#sdfootnote1sym\" name=\"sdfootnote1anc\"><sup>1<\/sup><\/a>.<\/p>\n<\/div>\n<div id=\"magicdomid11\" dir=\"LTR\">\n<p>Les groupes adh\u00e9rents \u00e0 jour de cotisation sont alors pr\u00e9sent\u00e9s sur le SITE et sur la CARTE interactive des groupes, LEURS DATES sont publi\u00e9es, ils prennent part active aux d\u00e9cisions du r\u00e9seau (chaque groupe ayant le m\u00eame poids, <span style=\"color: #000000;\">c&rsquo;est-\u00e0-dire une voix par groupe en cas de vote),<\/span> leurs TRAJETS vers les rencontres nationales sont pris en charge (mais ces trajets ne sont pas pris en charge avant l\u2019adh\u00e9sion). <br \/>Les 3 principes du r\u00e9seau sont sur la page d\u2019accueil du site <a href=\"http:\/\/www.reseau-to.fr\/\"><u>www.reseau-to.fr<\/u><\/a> :<br \/>&#8211; D\u00e9sirer \u00e9changer entre praticien.ne.s,<br \/>&#8211; Pratiquer le th\u00e9\u00e2tre de l\u2019opprim\u00e9\u00b7e contre les oppressions,<br \/>&#8211; l\u2019appartenance au r\u00e9seau implique une vigilance aux rapports de domination au sein m\u00eame du r\u00e9seau,<br \/>&#8211; Pr\u00e9f\u00e9rer la coop\u00e9ration \u00e0 la concurrence.<br \/>Nos statuts, R\u00e8glement Int\u00e9rieur, et notre charte (toujours en \u00e9laboration) sont visibles sur le site \u00e0 l\u2019onglet membres. <br \/>Les deux principaux modes de fonctionnement du r\u00e9seau : <br \/>&#8211; Alimenter la liste de discussion-diffusion au moins avec ses dates de spectacles ou de stages, et aussi demander ou proposer de l\u2019aide. <br \/>&#8211; Participer dans la mesure du possible, aux rencontres nationales. <\/p>\n<\/div>\n<div id=\"sdfootnote1\">\n<p><a class=\"sdfootnotesym\" href=\"#sdfootnote1anc\" name=\"sdfootnote1sym\">1<\/a> <i>Concr\u00e8tement les adh\u00e9sions se sont \u00e9chelonn\u00e9es de 50 \u00e0 750 euros. Une r\u00e9f\u00e9rence de 300 euros a \u00e9t\u00e9 propos\u00e9e \u00e0 l\u2019AG 2019, calcul\u00e9e pour pouvoir rembourser les trajets de nos rencontres et quelques frais du r\u00e9seau. <\/i><\/p>\n<\/div>\n<p><\/p>\n<p><\/p>\n<p><\/p>\n<p><\/p>\n<p><\/p>\n<p><\/p>\n<p><\/p>\t\t\t\t\t\t\t\t<\/div>\n\t\t\t\t<\/div>\n\t\t\t\t\t<\/div>\n\t\t<\/div>\n\t\t\t\t\t<\/div>\n\t\t<\/section>\n\t\t\t\t<section class=\"elementor-section elementor-top-section elementor-element elementor-element-4fe7d68 elementor-section-boxed elementor-section-height-default elementor-section-height-default\" data-id=\"4fe7d68\" data-element_type=\"section\" data-e-type=\"section\">\n\t\t\t\t\t\t<div class=\"elementor-container elementor-column-gap-default\">\n\t\t\t\t\t<div class=\"elementor-column elementor-col-100 elementor-top-column elementor-element elementor-element-2a7187f\" data-id=\"2a7187f\" data-element_type=\"column\" data-e-type=\"column\">\n\t\t\t<div class=\"elementor-widget-wrap elementor-element-populated\">\n\t\t\t\t\t\t<div class=\"elementor-element elementor-element-94bbeb6 elementor-widget elementor-widget-text-editor\" data-id=\"94bbeb6\" data-element_type=\"widget\" data-e-type=\"widget\" data-widget_type=\"text-editor.default\">\n\t\t\t\t<div class=\"elementor-widget-container\">\n\t\t\t\t\t\t\t\t\t<p><\/p>\n<p><strong><span style=\"text-decoration: underline;\">Adh\u00e9rer au R\u00e9seau Th\u00e9\u00e2tre de l&rsquo;opprim\u00e9<\/span> (texte pr\u00e9c\u00e9dent, de l&rsquo;\u00e9t\u00e9 21) <br \/><\/strong><span style=\"color: #ff0000;\">(les phrases en rouge sont de nouveaux ajouts)<br \/><\/span>Sur le fond : c&rsquo;est d&rsquo;abord se conna\u00eetre et partager valeurs et pratiques<br \/>-Les adh\u00e9sions concernent les groupes, collectifs, associations, compagnies, th\u00e9\u00e2tres qui pratiquent le th\u00e9\u00e2tre de l\u2019opprim\u00e9.<\/p>\n<p><\/p>\n<p><\/p>\n<p><\/p>\n<p><\/p>\n<p><\/p>\n<p><\/p>\n<p>-Elles sont accept\u00e9es en AG, <br \/><span style=\"color: #ff0000;\">par consensus, ou simple constat,\u00a0<\/span> ou par vote \u00e0 la majorit\u00e9 simple par les groupes d\u00e9j\u00e0 adh\u00e9rents.<\/p>\n<p><\/p>\n<p><\/p>\n<p><\/p>\n<p><\/p>\n<p><\/p>\n<p><\/p>\n<p><\/p>\n<p><\/p>\n<p><\/p>\n<p><\/p>\n<p><\/p>\n<p><\/p>\n<p><\/p>\n<p><\/p>\n<p>PROCESSUS (A,B,C,D)<br \/>&#8211; A) faire la demande d\u2019adh\u00e9sion en connaissance de cause (approuver nos principes et notre fonctionnement (1) Concr\u00e8tement\u00a0:<br \/><span style=\"color: #ff0000;\">-soit quelqu&rsquo;un du r\u00e9seau connait le travail de ce groupe, et le pr\u00e9sente au r\u00e9seau,<\/span> soit la demande est faite spontan\u00e9ment par un groupe \u00ab inconnu \u00bb ce groupe peut alors se faire connaitre par des invitations \u00e0 voir une partie de son travail.<br \/>&#8211; C) se pr\u00e9senter \u00e0 une rencontre nationale.<br \/>ou \u00e0 d\u00e9faut, \u00e0 une rencontre r\u00e9gionale, <span style=\"color: #ff0000;\">ou&#8230;une visio conf\u00e9rence <\/span>).<br \/>&#8211; D) L&rsquo;adh\u00e9sion est ensuite accept\u00e9e \u00e0 l&rsquo;AG suivante. Le groupe r\u00e8gle sa cotisation annuelle. <strong>Celle-ci est \u00e0 ajuster librement, en fonction des ressources du groupe,<\/strong> autour de la base fix\u00e9e en AG (en 2019: 300 euros).<br \/>Les groupes adh\u00e9rents \u00e0 jour de cotisation sont alors pr\u00e9sent\u00e9s sur le SITE et sur la CARTE interactive des groupes, LEURS DATES sont publi\u00e9es, ils votent (une voix par groupe quelle que soit sa taille), leurs TRAJETS vers les rencontres nationales sont pris en charge.\u00a0<\/p>\n<p><\/p>\n<p><\/p>\n<p><\/p>\n<p><\/p>\n<p>(1) les 3 principes du r\u00e9seau sont sur la page d\u2019accueil du site <a href=\"http:\/\/www.reseau-to.fr\/\"><u>www.reseau-to.fr<\/u><\/a> : d\u00e9sirer \u00e9changer entre praticiens, pratiquer le th\u00e9\u00e2tre de l\u2019opprim\u00e9 contre l\u2019oppression, pr\u00e9f\u00e9rer la coop\u00e9ration \u00e0 la concurrence. Nos statuts,RI, et notre charte (toujours en \u00e9laboration) sont visibles sur le site \u00e0 l\u2019onglet membres.\u00a0<br \/>Les deux principaux modes de fonctionnement du r\u00e9seau :\u00a0<br \/>-Alimenter la liste de discussion-diffusion au moins avec ses dates de spectacles ou de stages, et aussi demander de l&rsquo;aide, proposer des coups de main. <br \/>-Participer dans la mesure du possible, aux rencontres nationales.\u00a0<\/p>\n<p><\/p>\n<p><\/p>\n<p><\/p>\n<p><\/p>\n<p><\/p>\n<p><\/p>\n<p><\/p>\n<p><\/p>\n<p><\/p>\n<p><\/p>\n<p>Texte envoy\u00e9 en mars 20, discut\u00e9 en mars 21 en visio, amendements \u00e9t\u00e9 21, il fera l&rsquo;objet d&rsquo;une discussion en sept\u00a0 21 pour modification et adoption en AG.<\/p>\n<p><\/p>\n<p><\/p>\n<p><\/p>\n<p><\/p>\n<p><\/p>\n<p><\/p>\n<p><\/p>\t\t\t\t\t\t\t\t<\/div>\n\t\t\t\t<\/div>\n\t\t\t\t\t<\/div>\n\t\t<\/div>\n\t\t\t\t\t<\/div>\n\t\t<\/section>\n\t\t\t\t<\/div>\n\t\t","protected":false},"excerpt":{"rendered":"<p>Adh\u00e9rer au R\u00e9seau Th\u00e9\u00e2tre de l&rsquo;opprim\u00e9\u00b7e (rencontre du 18 sept 21)Sur le fond : c\u2019est d\u2019abord se conna\u00eetre et partager valeurs et pratiques (tel que d\u00e9finies dans la charte). Les adh\u00e9sions concernent les groupes, collectifs, associations, compagnies, th\u00e9\u00e2tres\u00a0 qui pratiquent le th\u00e9\u00e2tre de l\u2019opprim\u00e9\u00b7e. Pour faire une demande d\u2019adh\u00e9sion,\u00a0apr\u00e8s avoir v\u00e9rifi\u00e9 \u00eatre en ad\u00e9quation avec &hellip; <a href=\"https:\/\/www.reseau-to.fr\/site\/?p=6651\" class=\"more-link\">Continuer la lecture de <span class=\"screen-reader-text\">Adh\u00e9rer au R\u00e9seau TO<\/span> <span class=\"meta-nav\">&rarr;<\/span><\/a><\/p>\n","protected":false},"author":2,"featured_media":0,"comment_status":"open","ping_status":"open","sticky":false,"template":"","format":"standard","meta":{"jetpack_post_was_ever_published":false,"_jetpack_newsletter_access":"","_jetpack_dont_email_post_to_subs":false,"_jetpack_newsletter_tier_id":0,"_jetpack_memberships_contains_paywalled_content":false,"_jetpack_memberships_contains_paid_content":false,"footnotes":"","jetpack_publicize_message":"","jetpack_publicize_feature_enabled":true,"jetpack_social_post_already_shared":true,"jetpack_social_options":{"image_generator_settings":{"template":"highway","default_image_id":0,"font":"","enabled":false},"version":2}},"categories":[49],"tags":[],"class_list":["post-6651","post","type-post","status-publish","format-standard","hentry","category-articles-recents"],"jetpack_publicize_connections":[],"jetpack_featured_media_url":"","jetpack_sharing_enabled":true,"jetpack_shortlink":"https:\/\/wp.me\/parR3h-1Jh","jetpack-related-posts":[{"id":7242,"url":"https:\/\/www.reseau-to.fr\/site\/?p=7242","url_meta":{"origin":6651,"position":0},"title":"Adh\u00e9rer au r\u00e9seau TO","author":"Jean-Fran\u00e7ois Martel","date":"15 novembre 2021","format":false,"excerpt":"(VERSION DE 2021, revue en sept 2021 au cours de la 14\u00e8me rencontre, \u00e0 adopter lors de la prochaine A1G) merci de vos remarques). voir le nouveau texte adopt\u00e9 en avril 2022. Sur le fond : c\u2019est d\u2019abord se conna\u00eetre et partager valeurs et pratiques (tel que d\u00e9finies dans la\u2026","rel":"","context":"Article similaire","block_context":{"text":"Article similaire","link":""},"img":{"alt_text":"","src":"","width":0,"height":0},"classes":[]},{"id":7944,"url":"https:\/\/www.reseau-to.fr\/site\/?p=7944","url_meta":{"origin":6651,"position":1},"title":"Adh\u00e9rer au r\u00e9seau TO","author":"Jean-Fran\u00e7ois Martel","date":"29 mars 2022","format":false,"excerpt":"Adh\u00e9rer au r\u00e9seau TO Les adh\u00e9sions concernent les groupes, collectifs, associations, compagnies, th\u00e9\u00e2tres\u00a0 qui pratiquent le th\u00e9\u00e2tre de l\u2019opprim\u00e9\u00b7e. Le r\u00e9seau ne souhaite pas devenir un \u00ab\u00a0super groupe de TO\u00a0\u00bb les adh\u00e9sions individuelles n'existent pas. Comment adh\u00e9rer\u00a0: L'id\u00e9e\u00a0g\u00e9n\u00e9rale (qu'on a gard\u00e9e!) \u00a0\u00ab\u00a0j'ai vu le travail de tel groupe, c'est sympa,\u2026","rel":"","context":"Article similaire","block_context":{"text":"Article similaire","link":""},"img":{"alt_text":"","src":"","width":0,"height":0},"classes":[]},{"id":10995,"url":"https:\/\/www.reseau-to.fr\/site\/?p=10995","url_meta":{"origin":6651,"position":2},"title":"Rejoindre notre r\u00e9seau TO","author":"Jean-Fran\u00e7ois Martel","date":"25 juin 2023","format":false,"excerpt":"Notre r\u00e9seau se compose de groupes qui pratiquent le TO. Les groupes qui en font la demande peuvent devenir membre associ\u00e9, s'ils se retrouvent dans nos trois grands principes. Ils sont alors inscrits dans notre liste de diffusion\/discussion, leurs dates sont diffus\u00e9es dans nos \"ACTU\" du r\u00e9seau. Un don (\u00e0\u2026","rel":"","context":"Dans &quot;Articles r\u00e9cents&quot;","block_context":{"text":"Articles r\u00e9cents","link":"https:\/\/www.reseau-to.fr\/site\/?cat=49"},"img":{"alt_text":"","src":"","width":0,"height":0},"classes":[]},{"id":7946,"url":"https:\/\/www.reseau-to.fr\/site\/?p=7946","url_meta":{"origin":6651,"position":3},"title":"Adh\u00e9rer au r\u00e9seau TO version 04\/22","author":"Jean-Fran\u00e7ois Martel","date":"29 mars 2022","format":false,"excerpt":"Les adh\u00e9sions concernent les groupes, collectifs, associations, compagnies, th\u00e9\u00e2tres,\u00a0 qui pratiquent le th\u00e9\u00e2tre de l\u2019opprim\u00e9\u00b7e. Le r\u00e9seau ne souhaite pas devenir un \u00ab super groupe de TO \u00bb qu'on pourrait rejoindre ind\u00e9pendamment de son groupe ! Aussi, il n'y a pas d'adh\u00e9sion individuelle. Comment adh\u00e9rer ?\u00a0 L'id\u00e9e g\u00e9n\u00e9rale reste: \u00a0\u2026","rel":"","context":"Dans &quot;Articles r\u00e9cents&quot;","block_context":{"text":"Articles r\u00e9cents","link":"https:\/\/www.reseau-to.fr\/site\/?cat=49"},"img":{"alt_text":"","src":"","width":0,"height":0},"classes":[]},{"id":12668,"url":"https:\/\/www.reseau-to.fr\/site\/?p=12668","url_meta":{"origin":6651,"position":4},"title":"Comment devenir membre du R\u00e9seau T.O.","author":"Jean-Fran\u00e7ois Martel","date":"6 mars 2024","format":false,"excerpt":"A) Devenir membre associ\u00e9 du r\u00e9seau TO\u00a0?Les 3 \u00e9tapes\u00a0:1) d'abord, les groupes qui nous ont contact\u00e9s sont abonn\u00e9s par nos soins \u00e0 notre liste de diffusion, ils re\u00e7oivent toutes les infos et peuvent participer (ou non) \u00e0 cette liste.2) Ensuite, le groupe signifie son accord pratique (son fonctionnement) et th\u00e9orique\u2026","rel":"","context":"Dans &quot;Articles r\u00e9cents&quot;","block_context":{"text":"Articles r\u00e9cents","link":"https:\/\/www.reseau-to.fr\/site\/?cat=49"},"img":{"alt_text":"","src":"","width":0,"height":0},"classes":[]},{"id":6989,"url":"https:\/\/www.reseau-to.fr\/site\/?p=6989","url_meta":{"origin":6651,"position":5},"title":"Rencontre N\u00b014 sept 21","author":"Jean-Fran\u00e7ois Martel","date":"14 octobre 2021","format":false,"excerpt":"Ci-dessous: 1) QUI \u00e9tait l\u00e0 et nouvelles des groupes2) technique introspective des besoins cach\u00e9s3) exercice de la ligne des privil\u00e8ges4) \u00e9changes et th\u00e9\u00e2tre forum sur nos pratiques5) fonctionnement du r\u00e9seau: -le processus d'adh\u00e9sion,-les projets du r\u00e9seau Les 18 \/19 septembre 2021, nous \u00e9tions 20 personnes venues de 11 groupes, \u00e0\u2026","rel":"","context":"Dans &quot;Articles r\u00e9cents&quot;","block_context":{"text":"Articles r\u00e9cents","link":"https:\/\/www.reseau-to.fr\/site\/?cat=49"},"img":{"alt_text":"","src":"","width":0,"height":0},"classes":[]}],"_links":{"self":[{"href":"https:\/\/www.reseau-to.fr\/site\/index.php?rest_route=\/wp\/v2\/posts\/6651","targetHints":{"allow":["GET"]}}],"collection":[{"href":"https:\/\/www.reseau-to.fr\/site\/index.php?rest_route=\/wp\/v2\/posts"}],"about":[{"href":"https:\/\/www.reseau-to.fr\/site\/index.php?rest_route=\/wp\/v2\/types\/post"}],"author":[{"embeddable":true,"href":"https:\/\/www.reseau-to.fr\/site\/index.php?rest_route=\/wp\/v2\/users\/2"}],"replies":[{"embeddable":true,"href":"https:\/\/www.reseau-to.fr\/site\/index.php?rest_route=%2Fwp%2Fv2%2Fcomments&post=6651"}],"version-history":[{"count":5,"href":"https:\/\/www.reseau-to.fr\/site\/index.php?rest_route=\/wp\/v2\/posts\/6651\/revisions"}],"predecessor-version":[{"id":7020,"href":"https:\/\/www.reseau-to.fr\/site\/index.php?rest_route=\/wp\/v2\/posts\/6651\/revisions\/7020"}],"wp:attachment":[{"href":"https:\/\/www.reseau-to.fr\/site\/index.php?rest_route=%2Fwp%2Fv2%2Fmedia&parent=6651"}],"wp:term":[{"taxonomy":"category","embeddable":true,"href":"https:\/\/www.reseau-to.fr\/site\/index.php?rest_route=%2Fwp%2Fv2%2Fcategories&post=6651"},{"taxonomy":"post_tag","embeddable":true,"href":"https:\/\/www.reseau-to.fr\/site\/index.php?rest_route=%2Fwp%2Fv2%2Ftags&post=6651"}],"curies":[{"name":"wp","href":"https:\/\/api.w.org\/{rel}","templated":true}]}}