{"id":3915,"date":"2020-03-07T09:53:20","date_gmt":"2020-03-07T08:53:20","guid":{"rendered":"https:\/\/www.reseau-to.fr\/site\/?p=3915"},"modified":"2020-08-17T10:52:07","modified_gmt":"2020-08-17T09:52:07","slug":"elementor-3915","status":"publish","type":"post","link":"https:\/\/www.reseau-to.fr\/site\/?p=3915","title":{"rendered":"Soir\u00e9e ATELIER \u00ab\u00a0famille\u00a0\u00bb avec LA TROUPUSCULE"},"content":{"rendered":"","protected":true},"excerpt":{"rendered":"","protected":true},"author":2,"featured_media":0,"comment_status":"open","ping_status":"open","sticky":false,"template":"","format":"standard","meta":{"_jetpack_newsletter_access":"","_jetpack_dont_email_post_to_subs":false,"_jetpack_newsletter_tier_id":0,"_jetpack_memberships_contains_paywalled_content":false,"_jetpack_feature_clip_id":0,"_jetpack_memberships_contains_paid_content":false,"footnotes":"","jetpack_publicize_message":"","jetpack_publicize_feature_enabled":true,"jetpack_social_post_already_shared":true,"jetpack_social_options":{"image_generator_settings":{"template":"highway","default_image_id":0,"font":"","enabled":false},"version":2},"jetpack_post_was_ever_published":false},"categories":[49,55],"tags":[],"class_list":["post-3915","post","type-post","status-publish","format-standard","post-password-required","hentry","category-articles-recents","category-voyages-dans-le-reseau-to-espace-membre"],"jetpack_publicize_connections":[],"jetpack_sharing_enabled":true,"jetpack_shortlink":"https:\/\/wp.me\/parR3h-119","jetpack-related-posts":[{"id":6989,"url":"https:\/\/www.reseau-to.fr\/site\/?p=6989","url_meta":{"origin":3915,"position":0},"title":"Rencontre N\u00b014 sept 21","author":"Jean-Fran\u00e7ois Martel","date":"14 octobre 2021","format":false,"excerpt":"Ci-dessous: 1) QUI \u00e9tait l\u00e0 et nouvelles des groupes2) technique introspective des besoins cach\u00e9s3) exercice de la ligne des privil\u00e8ges4) \u00e9changes et th\u00e9\u00e2tre forum sur nos pratiques5) fonctionnement du r\u00e9seau: -le processus d'adh\u00e9sion,-les projets du r\u00e9seau Les 18 \/19 septembre 2021, nous \u00e9tions 20 personnes venues de 11 groupes, \u00e0\u2026","rel":"","context":"Dans &quot;Articles r\u00e9cents&quot;","block_context":{"text":"Articles r\u00e9cents","link":"https:\/\/www.reseau-to.fr\/site\/?cat=49"},"img":{"alt_text":"","src":"","width":0,"height":0},"classes":[]},{"id":10474,"url":"https:\/\/www.reseau-to.fr\/site\/?p=10474","url_meta":{"origin":3915,"position":1},"title":"Rencontre N\u00b017  du RTO,  1 et 2 avril 2023, Clermont-Ferrand.","author":"Jean-Fran\u00e7ois Martel","date":"18 avril 2023","format":false,"excerpt":"Compte-rendu de la 17\u00e8me rencontre du R\u00e9seau TO Sam 1er et Dim. 2 avril 2023 \u00e0 Clermont-Ferrand. Samedi\u00a0:jeux propos\u00e9s par Fatima et JoellePr\u00e9sentation de 4 nouveaux groupesDiscussion sur les modes de fonctionnement de diff\u00e9rents groupesPar l\u2019Attelage\u00a0: revisite th\u00e9\u00e2tralis\u00e9e de l\u2019histoire du TOJeu propos\u00e9 par ManonTravail en forum sur nos difficult\u00e9s\u2026","rel":"","context":"Dans &quot;Articles r\u00e9cents&quot;","block_context":{"text":"Articles r\u00e9cents","link":"https:\/\/www.reseau-to.fr\/site\/?cat=49"},"img":{"alt_text":"","src":"","width":0,"height":0},"classes":[]},{"id":70,"url":"https:\/\/www.reseau-to.fr\/site\/?p=70","url_meta":{"origin":3915,"position":2},"title":"4\u00e8me rencontre: l&rsquo;invitation.","author":"Jean-Fran\u00e7ois Martel","date":"25 janvier 2016","format":false,"excerpt":"\u00a0 \u00c0 :\u00a0participants@reseau-to.fr Objet :\u00a0stage 28 et 29 mars 2015 \u00a0 Bonjour \u00e0 toutes et tous les participants du r\u00e9seau TO \u00a0! \u00a0 Pour notre WE prochain des samedi 28 et dimanche 29 mars \u00a0: ADRESSE\u00a0: La fabrique de mouvements, 5 rue de Valmy\u00a0\u00e0\u00a0Aubervilliers. Prendre le RER B jusqu'\u00e0\u00a0la station\u2026","rel":"","context":"Dans &quot;Non class\u00e9&quot;","block_context":{"text":"Non class\u00e9","link":"https:\/\/www.reseau-to.fr\/site\/?cat=1"},"img":{"alt_text":"","src":"","width":0,"height":0},"classes":[]},{"id":4002,"url":"https:\/\/www.reseau-to.fr\/site\/?p=4002","url_meta":{"origin":3915,"position":3},"title":"rencontre N\u00b013 de nov 19 Partie 1: nouvelles, id\u00e9es, \u00e9changes, d\u00e9cisions.","author":"Jean-Fran\u00e7ois Martel","date":"12 mars 2020","format":false,"excerpt":"13\u00e8me RENCONTRE DU RESEAU TO, 9,10,11 nov 2019 partie 1 nouvelles des 15 groupes pr\u00e9sents, discussions sur le Site et la Liste, DECISIONS, et id\u00e9es diverses, ECHANGES\u00a0: faire du TO avec des travailleurs sociaux et des pr\u00e9caires. A) Pr\u00e9sentations des 15 groupes TO pr\u00e9sents 1) Groupe Le Reuz. (Bretagne) H\u00e9l\u00e9na\u00a0;\u2026","rel":"","context":"Dans &quot;Espace membre&quot;","block_context":{"text":"Espace membre","link":"https:\/\/www.reseau-to.fr\/site\/?cat=51"},"img":{"alt_text":"","src":"","width":0,"height":0},"classes":[]},{"id":8697,"url":"https:\/\/www.reseau-to.fr\/site\/?p=8697","url_meta":{"origin":3915,"position":4},"title":"\u00a0Formations dans le r\u00e9seau\u00a0","author":"R\u00e9mi","date":"18 mai 2022","format":false,"excerpt":"Collectif \u00e9clairage Public GENEVE,(du r\u00e9seau TO de Suisse Romande)\u00a0 natachap@riseup.net\u00a0STAGE DE JANA SANSKRITI men\u00e9 par Sanjoy et Sima Ganguly.les 18, 19, 20 avril \u00e0 GENEVE (P\u00e2ques)Horaires\u00a0\u00e0 pr\u00e9ciser (entre 9h-17h\/10h-18h)Co\u00fbt\u00a0\u00e9valu\u00e9 \u00e0 150 euros\u00a0( 150 Francs suisses,\u00a0soit 50 par jour.Lieu: Maison de quartier du Plateau, Petit-Lancy route de St Georges 86Inscriptions\u00a0:\u00a0natachap@riseup.net\u00a0 Collectif\u2026","rel":"","context":"Dans &quot;Stages dans le r\u00e9seau&quot;","block_context":{"text":"Stages dans le r\u00e9seau","link":"https:\/\/www.reseau-to.fr\/site\/?cat=61"},"img":{"alt_text":"","src":"https:\/\/i0.wp.com\/www.reseau-to.fr\/site\/wp-content\/uploads\/2021\/05\/cropped-reseauto-ConvertImage.png?resize=350%2C200&ssl=1","width":350,"height":200},"classes":[]},{"id":7871,"url":"https:\/\/www.reseau-to.fr\/site\/?p=7871","url_meta":{"origin":3915,"position":5},"title":"Travailler avec les auteurs de violence de genre","author":"Jean-Fran\u00e7ois Martel","date":"9 mars 2022","format":false,"excerpt":"De: Olivier Malcor \"Je vous envoie le manuel que j'ai \u00e9crit pour le r\u00e9seau Europ\u00e9en des personnes qui travaillent avec les auteurs de violence patriarcale (WWP EN). Ce manuel contient jeux et techniques, principalement inspir\u00e9es du TO, qui permettent de travailler sur le genre et la violence dans des contextes\u2026","rel":"","context":"Dans &quot;Articles r\u00e9cents&quot;","block_context":{"text":"Articles r\u00e9cents","link":"https:\/\/www.reseau-to.fr\/site\/?cat=49"},"img":{"alt_text":"","src":"","width":0,"height":0},"classes":[]}],"jetpack_featured_media_url":"","_links":{"self":[{"href":"https:\/\/www.reseau-to.fr\/site\/index.php?rest_route=\/wp\/v2\/posts\/3915","targetHints":{"allow":["GET"]}}],"collection":[{"href":"https:\/\/www.reseau-to.fr\/site\/index.php?rest_route=\/wp\/v2\/posts"}],"about":[{"href":"https:\/\/www.reseau-to.fr\/site\/index.php?rest_route=\/wp\/v2\/types\/post"}],"author":[{"embeddable":true,"href":"https:\/\/www.reseau-to.fr\/site\/index.php?rest_route=\/wp\/v2\/users\/2"}],"replies":[{"embeddable":true,"href":"https:\/\/www.reseau-to.fr\/site\/index.php?rest_route=%2Fwp%2Fv2%2Fcomments&post=3915"}],"version-history":[{"count":5,"href":"https:\/\/www.reseau-to.fr\/site\/index.php?rest_route=\/wp\/v2\/posts\/3915\/revisions"}],"predecessor-version":[{"id":3942,"href":"https:\/\/www.reseau-to.fr\/site\/index.php?rest_route=\/wp\/v2\/posts\/3915\/revisions\/3942"}],"wp:attachment":[{"href":"https:\/\/www.reseau-to.fr\/site\/index.php?rest_route=%2Fwp%2Fv2%2Fmedia&parent=3915"}],"wp:term":[{"taxonomy":"category","embeddable":true,"href":"https:\/\/www.reseau-to.fr\/site\/index.php?rest_route=%2Fwp%2Fv2%2Fcategories&post=3915"},{"taxonomy":"post_tag","embeddable":true,"href":"https:\/\/www.reseau-to.fr\/site\/index.php?rest_route=%2Fwp%2Fv2%2Ftags&post=3915"}],"curies":[{"name":"wp","href":"https:\/\/api.w.org\/{rel}","templated":true}]}}