{"id":3782,"date":"2019-12-26T14:19:25","date_gmt":"2019-12-26T13:19:25","guid":{"rendered":"https:\/\/www.reseau-to.fr\/site\/?p=3782"},"modified":"2021-09-22T20:16:12","modified_gmt":"2021-09-22T18:16:12","slug":"theatre-invisible-a-amiens","status":"publish","type":"post","link":"https:\/\/www.reseau-to.fr\/site\/?p=3782","title":{"rendered":"Th\u00e9\u00e2tre Invisible \u00e0 Amiens."},"content":{"rendered":"","protected":true},"excerpt":{"rendered":"","protected":true},"author":2,"featured_media":0,"comment_status":"open","ping_status":"open","sticky":false,"template":"","format":"standard","meta":{"jetpack_post_was_ever_published":false,"_jetpack_newsletter_access":"","_jetpack_dont_email_post_to_subs":false,"_jetpack_newsletter_tier_id":0,"_jetpack_memberships_contains_paywalled_content":false,"_jetpack_memberships_contains_paid_content":false,"footnotes":"","jetpack_publicize_message":"","jetpack_publicize_feature_enabled":true,"jetpack_social_post_already_shared":true,"jetpack_social_options":{"image_generator_settings":{"template":"highway","default_image_id":0,"font":"","enabled":false},"version":2}},"categories":[49,55],"tags":[],"class_list":["post-3782","post","type-post","status-publish","format-standard","post-password-required","hentry","category-articles-recents","category-voyages-dans-le-reseau-to-espace-membre"],"jetpack_publicize_connections":[],"jetpack_featured_media_url":"","jetpack_sharing_enabled":true,"jetpack_shortlink":"https:\/\/wp.me\/parR3h-Z0","jetpack-related-posts":[{"id":9312,"url":"https:\/\/www.reseau-to.fr\/site\/?p=9312","url_meta":{"origin":3782,"position":0},"title":"Rencontre N\u00b015 avril 22","author":"Jean-Fran\u00e7ois Martel","date":"3 octobre 2022","format":false,"excerpt":"Rencontre du r\u00e9seau TO N\u00b015 \u00e0 Loguivy-Plougras, les 23 et 24 avril 2022.Nous \u00e9tions une vingtaine (liste \u00e0 la fin du CR) pr\u00e9paration, animation\u00a0: Jean-Fran\u00e7ois (Et Toc!), Cyprien (L'attelage) Marilableu (Folies passag\u00e8res). SOMMAIRE: 1\u00e8re partie: pr\u00e9sentation, jeux, nos attentes, histoire et connaissance de notre r\u00e9seau TO. pages1 et 22\u00e8mepartie\u00a0: \u00ab\u00a0le\u2026","rel":"","context":"Dans &quot;Articles r\u00e9cents&quot;","block_context":{"text":"Articles r\u00e9cents","link":"https:\/\/www.reseau-to.fr\/site\/?cat=49"},"img":{"alt_text":"","src":"","width":0,"height":0},"classes":[]},{"id":12668,"url":"https:\/\/www.reseau-to.fr\/site\/?p=12668","url_meta":{"origin":3782,"position":1},"title":"Comment devenir membre du R\u00e9seau T.O.","author":"Jean-Fran\u00e7ois Martel","date":"6 mars 2024","format":false,"excerpt":"A) Devenir membre associ\u00e9 du r\u00e9seau TO\u00a0?Les 3 \u00e9tapes\u00a0:1) d'abord, les groupes qui nous ont contact\u00e9s sont abonn\u00e9s par nos soins \u00e0 notre liste de diffusion, ils re\u00e7oivent toutes les infos et peuvent participer (ou non) \u00e0 cette liste.2) Ensuite, le groupe signifie son accord pratique (son fonctionnement) et th\u00e9orique\u2026","rel":"","context":"Dans &quot;Articles r\u00e9cents&quot;","block_context":{"text":"Articles r\u00e9cents","link":"https:\/\/www.reseau-to.fr\/site\/?cat=49"},"img":{"alt_text":"","src":"","width":0,"height":0},"classes":[]},{"id":4002,"url":"https:\/\/www.reseau-to.fr\/site\/?p=4002","url_meta":{"origin":3782,"position":2},"title":"rencontre N\u00b013 de nov 19 Partie 1: nouvelles, id\u00e9es, \u00e9changes, d\u00e9cisions.","author":"Jean-Fran\u00e7ois Martel","date":"12 mars 2020","format":false,"excerpt":"13\u00e8me RENCONTRE DU RESEAU TO, 9,10,11 nov 2019 partie 1 nouvelles des 15 groupes pr\u00e9sents, discussions sur le Site et la Liste, DECISIONS, et id\u00e9es diverses, ECHANGES\u00a0: faire du TO avec des travailleurs sociaux et des pr\u00e9caires. A) Pr\u00e9sentations des 15 groupes TO pr\u00e9sents 1) Groupe Le Reuz. (Bretagne) H\u00e9l\u00e9na\u00a0;\u2026","rel":"","context":"Dans &quot;Espace membre&quot;","block_context":{"text":"Espace membre","link":"https:\/\/www.reseau-to.fr\/site\/?cat=51"},"img":{"alt_text":"","src":"","width":0,"height":0},"classes":[]},{"id":1942,"url":"https:\/\/www.reseau-to.fr\/site\/?p=1942","url_meta":{"origin":3782,"position":3},"title":"Echanges sur le TO en prison","author":"Jean-Fran\u00e7ois Martel","date":"28 mars 2018","format":false,"excerpt":"ECHANGE D'EXPERIENCES\u00a0: Le TO EN PRISON l Au cours de la rencontre R\u00e9seau TO 14 et 15 oct 1207, six groupes exposent leurs exp\u00e9riences v\u00e9cues, leurs r\u00e9ussites, leurs \u00e9checs, questions remarques et r\u00e9ponses suivent. L'\u00e9change fut passionnant. J'ai int\u00e9gr\u00e9 \u00e0 la suite de chaque r\u00e9sum\u00e9 les textes compl\u00e9mentaires qui m'ont\u2026","rel":"","context":"Dans &quot;Non class\u00e9&quot;","block_context":{"text":"Non class\u00e9","link":"https:\/\/www.reseau-to.fr\/site\/?cat=1"},"img":{"alt_text":"","src":"","width":0,"height":0},"classes":[]},{"id":10474,"url":"https:\/\/www.reseau-to.fr\/site\/?p=10474","url_meta":{"origin":3782,"position":4},"title":"Rencontre N\u00b017  du RTO,  1 et 2 avril 2023, Clermont-Ferrand.","author":"Jean-Fran\u00e7ois Martel","date":"18 avril 2023","format":false,"excerpt":"Compte-rendu de la 17\u00e8me rencontre du R\u00e9seau TO Sam 1er et Dim. 2 avril 2023 \u00e0 Clermont-Ferrand. Samedi\u00a0:jeux propos\u00e9s par Fatima et JoellePr\u00e9sentation de 4 nouveaux groupesDiscussion sur les modes de fonctionnement de diff\u00e9rents groupesPar l\u2019Attelage\u00a0: revisite th\u00e9\u00e2tralis\u00e9e de l\u2019histoire du TOJeu propos\u00e9 par ManonTravail en forum sur nos difficult\u00e9s\u2026","rel":"","context":"Dans &quot;Articles r\u00e9cents&quot;","block_context":{"text":"Articles r\u00e9cents","link":"https:\/\/www.reseau-to.fr\/site\/?cat=49"},"img":{"alt_text":"","src":"","width":0,"height":0},"classes":[]},{"id":10995,"url":"https:\/\/www.reseau-to.fr\/site\/?p=10995","url_meta":{"origin":3782,"position":5},"title":"Rejoindre notre r\u00e9seau TO","author":"Jean-Fran\u00e7ois Martel","date":"25 juin 2023","format":false,"excerpt":"Notre r\u00e9seau se compose de groupes qui pratiquent le TO. Les groupes qui en font la demande peuvent devenir membre associ\u00e9, s'ils se retrouvent dans nos trois grands principes. Ils sont alors inscrits dans notre liste de diffusion\/discussion, leurs dates sont diffus\u00e9es dans nos \"ACTU\" du r\u00e9seau. Un don (\u00e0\u2026","rel":"","context":"Dans &quot;Articles r\u00e9cents&quot;","block_context":{"text":"Articles r\u00e9cents","link":"https:\/\/www.reseau-to.fr\/site\/?cat=49"},"img":{"alt_text":"","src":"","width":0,"height":0},"classes":[]}],"_links":{"self":[{"href":"https:\/\/www.reseau-to.fr\/site\/index.php?rest_route=\/wp\/v2\/posts\/3782","targetHints":{"allow":["GET"]}}],"collection":[{"href":"https:\/\/www.reseau-to.fr\/site\/index.php?rest_route=\/wp\/v2\/posts"}],"about":[{"href":"https:\/\/www.reseau-to.fr\/site\/index.php?rest_route=\/wp\/v2\/types\/post"}],"author":[{"embeddable":true,"href":"https:\/\/www.reseau-to.fr\/site\/index.php?rest_route=\/wp\/v2\/users\/2"}],"replies":[{"embeddable":true,"href":"https:\/\/www.reseau-to.fr\/site\/index.php?rest_route=%2Fwp%2Fv2%2Fcomments&post=3782"}],"version-history":[{"count":4,"href":"https:\/\/www.reseau-to.fr\/site\/index.php?rest_route=\/wp\/v2\/posts\/3782\/revisions"}],"predecessor-version":[{"id":6832,"href":"https:\/\/www.reseau-to.fr\/site\/index.php?rest_route=\/wp\/v2\/posts\/3782\/revisions\/6832"}],"wp:attachment":[{"href":"https:\/\/www.reseau-to.fr\/site\/index.php?rest_route=%2Fwp%2Fv2%2Fmedia&parent=3782"}],"wp:term":[{"taxonomy":"category","embeddable":true,"href":"https:\/\/www.reseau-to.fr\/site\/index.php?rest_route=%2Fwp%2Fv2%2Fcategories&post=3782"},{"taxonomy":"post_tag","embeddable":true,"href":"https:\/\/www.reseau-to.fr\/site\/index.php?rest_route=%2Fwp%2Fv2%2Ftags&post=3782"}],"curies":[{"name":"wp","href":"https:\/\/api.w.org\/{rel}","templated":true}]}}