{"id":3070,"date":"2019-04-30T14:05:23","date_gmt":"2019-04-30T13:05:23","guid":{"rendered":"http:\/\/www.reseau-to.fr\/site\/?p=3070"},"modified":"2019-11-05T14:05:16","modified_gmt":"2019-11-05T13:05:16","slug":"to-avec-les-enfants-en-periscolaire-nap","status":"publish","type":"post","link":"https:\/\/www.reseau-to.fr\/site\/?p=3070","title":{"rendered":"TO avec les enfants en p\u00e9riscolaire (NAP)"},"content":{"rendered":"","protected":true},"excerpt":{"rendered":"","protected":true},"author":2,"featured_media":0,"comment_status":"open","ping_status":"open","sticky":false,"template":"","format":"standard","meta":{"jetpack_post_was_ever_published":false,"_jetpack_newsletter_access":"","_jetpack_dont_email_post_to_subs":false,"_jetpack_newsletter_tier_id":0,"_jetpack_memberships_contains_paywalled_content":false,"_jetpack_memberships_contains_paid_content":false,"footnotes":"","jetpack_publicize_message":"","jetpack_publicize_feature_enabled":true,"jetpack_social_post_already_shared":true,"jetpack_social_options":{"image_generator_settings":{"template":"highway","default_image_id":0,"font":"","enabled":false},"version":2}},"categories":[33],"tags":[],"class_list":["post-3070","post","type-post","status-publish","format-standard","post-password-required","hentry","category-reflexions-et-pratiques"],"jetpack_publicize_connections":[],"jetpack_featured_media_url":"","jetpack_sharing_enabled":false,"jetpack_shortlink":"https:\/\/wp.me\/parR3h-Nw","jetpack-related-posts":[{"id":7031,"url":"https:\/\/www.reseau-to.fr\/site\/?p=7031","url_meta":{"origin":3070,"position":0},"title":"T\u00e9moignage: mes besoins cach\u00e9s, UNE TECHNIQUE INTROSPECTIVE.","author":"Jean-Fran\u00e7ois Martel","date":"19 octobre 2021","format":false,"excerpt":"par JF MartelMon histoire est choisie, et je choisis la technique \u00e0 utiliser. Je ne l\u2019ai jamais vue\u00a0!Cette technique, inspir\u00e9e par la CNV (communication non violente) est centr\u00e9e sur les besoins non satisfaits, plut\u00f4t que sur la volont\u00e9. Derri\u00e8re chaque ressenti n\u00e9gatif, il y aurait un besoin non satisfait\u00a0\u00bbD\u2019abord, je\u2026","rel":"","context":"Dans &quot;Exercices et techniques \u00e0 partager&quot;","block_context":{"text":"Exercices et techniques \u00e0 partager","link":"https:\/\/www.reseau-to.fr\/site\/?cat=35"},"img":{"alt_text":"","src":"","width":0,"height":0},"classes":[]},{"id":5869,"url":"https:\/\/www.reseau-to.fr\/site\/?p=5869","url_meta":{"origin":3070,"position":1},"title":"Voyage: Une technique introspective chez les \u00ab\u00a0Ficelle et Cie\u00a0\u00bb","author":"Jean-Fran\u00e7ois Martel","date":"11 avril 2021","format":false,"excerpt":"Un atelier \u00ab\u00a0forum et paroles\u00a0\u00bb CHEZ LES \u00ab\u00a0FICELLE\u00a0\u00bbSamedi\u00a0: c'est le dernier jour de ma semaine dans le groupe, d\u00e9but d\u00e9cembre 2019Une journ\u00e9e de techniques introspectives, anim\u00e9e par Bruno et No\u00e9mie.Bruno, qui a suivi un de mes stages de formation \u00e0 Lille \u00e0 ces techniques, voil\u00e0 quelques ann\u00e9es, me re\u00e7oit chaleureusement,\u2026","rel":"","context":"Dans &quot;Articles r\u00e9cents&quot;","block_context":{"text":"Articles r\u00e9cents","link":"https:\/\/www.reseau-to.fr\/site\/?cat=49"},"img":{"alt_text":"","src":"","width":0,"height":0},"classes":[]},{"id":14266,"url":"https:\/\/www.reseau-to.fr\/site\/?p=14266","url_meta":{"origin":3070,"position":2},"title":"Voyage dans le r\u00e9seau: injustices \u00e0 l&rsquo;\u00e9cole","author":"Jean-Fran\u00e7ois Martel","date":"11 mars 2025","format":false,"excerpt":"THEATRE FORUM \u00ab INJUSTICES A L\u2019ECOLE \u00bb par un groupe d\u2019enfants de 9 \u00e0 12 ans.Le 27 f\u00e9vrier 2025, au th\u00e9\u00e2tre CONCORDE, place de la CONCORDE\u00a0 \u00e0 Paris, \u00e0 deux pas du fastueux H\u00f4tel CRILLON, jouaient des enfants venus du 11\u00e8me arrondissement !Joker : Jules (Cie Naje). Notes de JF\u2026","rel":"","context":"Dans &quot;Articles r\u00e9cents&quot;","block_context":{"text":"Articles r\u00e9cents","link":"https:\/\/www.reseau-to.fr\/site\/?cat=49"},"img":{"alt_text":"","src":"","width":0,"height":0},"classes":[]},{"id":3065,"url":"https:\/\/www.reseau-to.fr\/site\/?p=3065","url_meta":{"origin":3070,"position":3},"title":"Une technique introspective : les besoins cach\u00e9s","author":"Jean-Fran\u00e7ois Martel","date":"30 avril 2019","format":false,"excerpt":"TECHNIQUE\u00a0DES BESOINS CACHEST\u00e9moignage: La journ\u00e9e dans son ensemble, puis, une des histoires choisies est la mienne, et je l\u2019explore avec une nouvelle technique : \u00ab les besoins cach\u00e9s \u00bb inspir\u00e9e de la Communication Non Violente. Deux parties \u00e0 ce texte\u00a0:A) LE CONTEXTE\u00a0et le d\u00e9roulement de la journ\u00e9e,B) description de LA\u2026","rel":"","context":"Dans &quot;Exercices et techniques \u00e0 partager&quot;","block_context":{"text":"Exercices et techniques \u00e0 partager","link":"https:\/\/www.reseau-to.fr\/site\/?cat=35"},"img":{"alt_text":"","src":"","width":0,"height":0},"classes":[]},{"id":10368,"url":"https:\/\/www.reseau-to.fr\/site\/?p=10368","url_meta":{"origin":3070,"position":4},"title":"En classe, avant le th\u00e9\u00e2tre forum !","author":"Jean-Fran\u00e7ois Martel","date":"14 mars 2023","format":false,"excerpt":"Bonjour, j'ai \u00e9crit un long texte qui va \u00eatre publi\u00e9 par le mouvement Freinet, pour expliquer tout d'abord comment je suis venu au TO. ensuite, comment j'ai d\u00e9velopp\u00e9 les TK du TO avec des \u00e9l\u00e8ves de 9 \u00e0 11 ans. En voici le premier chap\u00eetre. Les xp\u00e9riences des autres avec\u2026","rel":"","context":"Dans &quot;Articles r\u00e9cents&quot;","block_context":{"text":"Articles r\u00e9cents","link":"https:\/\/www.reseau-to.fr\/site\/?cat=49"},"img":{"alt_text":"","src":"","width":0,"height":0},"classes":[]},{"id":10415,"url":"https:\/\/www.reseau-to.fr\/site\/?p=10415","url_meta":{"origin":3070,"position":5},"title":"Rencontre N\u00b016. Par Julian Boal: L&rsquo;Ecole de Th\u00e9\u00e2tre Populaire \u00e0 Rio. \u00ab\u00a0Les personnages scind\u00e9s\u00a0\u00bb","author":"Jean-Fran\u00e7ois Martel","date":"1 avril 2023","format":false,"excerpt":"Rencontres N\u00b016 du RTO: journ\u00e9e du samedi 12 novembre 2022 1) Julian Boal\u00a0 nous pr\u00e9sente l'Ecole du th\u00e9\u00e2tre populaire (ETP) de Rio de JaneiroHistoire de l'l\u2019Escola de Teatro Popular (ETP). Le mouvement des \u201ctravailleurs sans terre\u201d avait organis\u00e9 un festival d\u2019art de gauche, et avait demand\u00e9 \u00e0 Julian d\u2019\u00eatre le\u2026","rel":"","context":"Dans &quot;Articles r\u00e9cents&quot;","block_context":{"text":"Articles r\u00e9cents","link":"https:\/\/www.reseau-to.fr\/site\/?cat=49"},"img":{"alt_text":"","src":"","width":0,"height":0},"classes":[]}],"_links":{"self":[{"href":"https:\/\/www.reseau-to.fr\/site\/index.php?rest_route=\/wp\/v2\/posts\/3070","targetHints":{"allow":["GET"]}}],"collection":[{"href":"https:\/\/www.reseau-to.fr\/site\/index.php?rest_route=\/wp\/v2\/posts"}],"about":[{"href":"https:\/\/www.reseau-to.fr\/site\/index.php?rest_route=\/wp\/v2\/types\/post"}],"author":[{"embeddable":true,"href":"https:\/\/www.reseau-to.fr\/site\/index.php?rest_route=\/wp\/v2\/users\/2"}],"replies":[{"embeddable":true,"href":"https:\/\/www.reseau-to.fr\/site\/index.php?rest_route=%2Fwp%2Fv2%2Fcomments&post=3070"}],"version-history":[{"count":5,"href":"https:\/\/www.reseau-to.fr\/site\/index.php?rest_route=\/wp\/v2\/posts\/3070\/revisions"}],"predecessor-version":[{"id":3641,"href":"https:\/\/www.reseau-to.fr\/site\/index.php?rest_route=\/wp\/v2\/posts\/3070\/revisions\/3641"}],"wp:attachment":[{"href":"https:\/\/www.reseau-to.fr\/site\/index.php?rest_route=%2Fwp%2Fv2%2Fmedia&parent=3070"}],"wp:term":[{"taxonomy":"category","embeddable":true,"href":"https:\/\/www.reseau-to.fr\/site\/index.php?rest_route=%2Fwp%2Fv2%2Fcategories&post=3070"},{"taxonomy":"post_tag","embeddable":true,"href":"https:\/\/www.reseau-to.fr\/site\/index.php?rest_route=%2Fwp%2Fv2%2Ftags&post=3070"}],"curies":[{"name":"wp","href":"https:\/\/api.w.org\/{rel}","templated":true}]}}