{"id":2293,"date":"2018-10-31T14:47:11","date_gmt":"2018-10-31T13:47:11","guid":{"rendered":"http:\/\/www.reseau-to.fr\/site\/?p=2293"},"modified":"2019-05-10T14:30:23","modified_gmt":"2019-05-10T13:30:23","slug":"un-street-forum-a-avignon","status":"publish","type":"post","link":"https:\/\/www.reseau-to.fr\/site\/?p=2293","title":{"rendered":"Un street forum \u00e0 Avignon"},"content":{"rendered":"","protected":true},"excerpt":{"rendered":"","protected":true},"author":2,"featured_media":0,"comment_status":"open","ping_status":"open","sticky":false,"template":"","format":"standard","meta":{"jetpack_post_was_ever_published":false,"_jetpack_newsletter_access":"","_jetpack_dont_email_post_to_subs":false,"_jetpack_newsletter_tier_id":0,"_jetpack_memberships_contains_paywalled_content":false,"_jetpack_memberships_contains_paid_content":false,"footnotes":"","jetpack_publicize_message":"","jetpack_publicize_feature_enabled":true,"jetpack_social_post_already_shared":false,"jetpack_social_options":{"image_generator_settings":{"template":"highway","default_image_id":0,"font":"","enabled":false},"version":2}},"categories":[33],"tags":[41,40,39],"class_list":["post-2293","post","type-post","status-publish","format-standard","post-password-required","hentry","category-reflexions-et-pratiques","tag-cherine","tag-forum","tag-street"],"jetpack_publicize_connections":[],"jetpack_featured_media_url":"","jetpack_sharing_enabled":true,"jetpack_shortlink":"https:\/\/wp.me\/parR3h-AZ","jetpack-related-posts":[{"id":4002,"url":"https:\/\/www.reseau-to.fr\/site\/?p=4002","url_meta":{"origin":2293,"position":0},"title":"rencontre N\u00b013 de nov 19 Partie 1: nouvelles, id\u00e9es, \u00e9changes, d\u00e9cisions.","author":"Jean-Fran\u00e7ois Martel","date":"12 mars 2020","format":false,"excerpt":"13\u00e8me RENCONTRE DU RESEAU TO, 9,10,11 nov 2019 partie 1 nouvelles des 15 groupes pr\u00e9sents, discussions sur le Site et la Liste, DECISIONS, et id\u00e9es diverses, ECHANGES\u00a0: faire du TO avec des travailleurs sociaux et des pr\u00e9caires. A) Pr\u00e9sentations des 15 groupes TO pr\u00e9sents 1) Groupe Le Reuz. (Bretagne) H\u00e9l\u00e9na\u00a0;\u2026","rel":"","context":"Dans &quot;Espace membre&quot;","block_context":{"text":"Espace membre","link":"https:\/\/www.reseau-to.fr\/site\/?cat=51"},"img":{"alt_text":"","src":"","width":0,"height":0},"classes":[]},{"id":5926,"url":"https:\/\/www.reseau-to.fr\/site\/?p=5926","url_meta":{"origin":2293,"position":1},"title":"Brest: avec des jeunes migrants","author":"Jean-Fran\u00e7ois Martel","date":"19 avril 2021","format":false,"excerpt":"Voyage dans le r\u00e9seau\u00a0: au TO de Brest avec un groupe de jeunes migrants. 16 avril 2019 Une journ\u00e9e de r\u00e9p\u00e9tition puis un th\u00e9\u00e2tre forum \u00e0 Brest, par JF Martel Peu apr\u00e8s la rencontre du r\u00e9seau TO en Bretagne, je re\u00e7ois de brigitte\u00a0: \u00a0: \u00ab\u00a0Notre restitution (j'ose pas encore dire\u2026","rel":"","context":"Dans &quot;Articles r\u00e9cents&quot;","block_context":{"text":"Articles r\u00e9cents","link":"https:\/\/www.reseau-to.fr\/site\/?cat=49"},"img":{"alt_text":"","src":"","width":0,"height":0},"classes":[]},{"id":13144,"url":"https:\/\/www.reseau-to.fr\/site\/?p=13144","url_meta":{"origin":2293,"position":2},"title":"QUI REMPLACE QUI ? RTO 19","author":"Jean-Fran\u00e7ois Martel","date":"1 juin 2024","format":false,"excerpt":"RTO 19 Rencontre du R\u00e9seau TO 06-07 avril 2024 \u00e0 Montreuil (93)\u2028QUI PEUT REMPLACER QUI DANS UN THEATRE FORUM ?\u2028ANALYSE DE 4 SITUATIONS.\u20281) LE COMMANDITAIRE\u00a0\u00abje sais tout\u00bbOMNIPRESENT SUR SCENE2) REFUSER UN REMPLACEMENT ? VIOLENCE SUR SCENE3) QUI VEUT QUE LA SITUATION CHANGE ? QUI REMPLACER ?\u20284) QUI REMPLACE LA JEUNE\u2026","rel":"","context":"Dans &quot;Articles r\u00e9cents&quot;","block_context":{"text":"Articles r\u00e9cents","link":"https:\/\/www.reseau-to.fr\/site\/?cat=49"},"img":{"alt_text":"","src":"","width":0,"height":0},"classes":[]},{"id":8257,"url":"https:\/\/www.reseau-to.fr\/site\/?p=8257","url_meta":{"origin":2293,"position":3},"title":"Voyage dans le r\u00e9seau : le privil\u00e8ge blanc.","author":"Jean-Fran\u00e7ois Martel","date":"9 mai 2022","format":false,"excerpt":"le privil\u00e8ge blanc (JF martel) R\u00e9flexions personnelles sur le privil\u00e8ge blanc (JF Martel, 7mai 2022) A partir du forum de Naje et d'une intervention de Sa\u00efd Bouamama. J'ai beaucoup appr\u00e9ci\u00e9 le th\u00e9\u00e2tre forum de Naje sur \u00ab\u00a0le racisme structurel et le privil\u00e8ge blanc\u00a0\u00bb fin avril 22, ces sc\u00e8nes que Naje\u2026","rel":"","context":"Dans &quot;Articles r\u00e9cents&quot;","block_context":{"text":"Articles r\u00e9cents","link":"https:\/\/www.reseau-to.fr\/site\/?cat=49"},"img":{"alt_text":"","src":"","width":0,"height":0},"classes":[]},{"id":13136,"url":"https:\/\/www.reseau-to.fr\/site\/?p=13136","url_meta":{"origin":2293,"position":4},"title":"RTO 19 av . 24 AG, d\u00e9cisions","author":"Jean-Fran\u00e7ois Martel","date":"28 mai 2024","format":false,"excerpt":"rencontre du 06-07 avril 2024 \u00e0 Montreuil (93)Prochaine rencontre du r\u00e9seau TO:\u2028 Ce sera le week-end des 9 et 10 novembre 24, pr\u00e9s de Toulouse. dans un lieu qui nous h\u00e9berge et nous restaure !\u2028Elle sera anim\u00e9e et pr\u00e9par\u00e9e par l\u2019\u00e9quipe de TOT ,soutenue par No\u00e9mie nomiedumont@yahoo.fr (pr\u00e9sidente) et Fabienne,\u2026","rel":"","context":"Dans &quot;Articles r\u00e9cents&quot;","block_context":{"text":"Articles r\u00e9cents","link":"https:\/\/www.reseau-to.fr\/site\/?cat=49"},"img":{"alt_text":"","src":"","width":0,"height":0},"classes":[]},{"id":4516,"url":"https:\/\/www.reseau-to.fr\/site\/?p=4516","url_meta":{"origin":2293,"position":5},"title":"Et Toc ! Forum sexisme (public)","author":"R\u00e9mi","date":"17 ao\u00fbt 2020","format":false,"excerpt":"Th\u00e9\u00e2tre Forum \u00abLA MAIN AUX FESSES\u00bb du groupe Et Toc! toctoctoc@riseup.net 1\u00e8re du BARATHON, NOTRE TOURN\u00c9E DANS LES BARS.et... DERNIER TH\u00c9\u00c2TRE FORUM AVANT CONFINEMENT ! par JF Martel jf.martel@orange.fr Me voil\u00e0 ce samedi 14 mars 2020 vers 13h, dans la salle d'attente de la petite gare d'Eymoutiers. Anecdote sur notre\u2026","rel":"","context":"Article similaire","block_context":{"text":"Article similaire","link":""},"img":{"alt_text":"","src":"","width":0,"height":0},"classes":[]}],"_links":{"self":[{"href":"https:\/\/www.reseau-to.fr\/site\/index.php?rest_route=\/wp\/v2\/posts\/2293","targetHints":{"allow":["GET"]}}],"collection":[{"href":"https:\/\/www.reseau-to.fr\/site\/index.php?rest_route=\/wp\/v2\/posts"}],"about":[{"href":"https:\/\/www.reseau-to.fr\/site\/index.php?rest_route=\/wp\/v2\/types\/post"}],"author":[{"embeddable":true,"href":"https:\/\/www.reseau-to.fr\/site\/index.php?rest_route=\/wp\/v2\/users\/2"}],"replies":[{"embeddable":true,"href":"https:\/\/www.reseau-to.fr\/site\/index.php?rest_route=%2Fwp%2Fv2%2Fcomments&post=2293"}],"version-history":[{"count":2,"href":"https:\/\/www.reseau-to.fr\/site\/index.php?rest_route=\/wp\/v2\/posts\/2293\/revisions"}],"predecessor-version":[{"id":2328,"href":"https:\/\/www.reseau-to.fr\/site\/index.php?rest_route=\/wp\/v2\/posts\/2293\/revisions\/2328"}],"wp:attachment":[{"href":"https:\/\/www.reseau-to.fr\/site\/index.php?rest_route=%2Fwp%2Fv2%2Fmedia&parent=2293"}],"wp:term":[{"taxonomy":"category","embeddable":true,"href":"https:\/\/www.reseau-to.fr\/site\/index.php?rest_route=%2Fwp%2Fv2%2Fcategories&post=2293"},{"taxonomy":"post_tag","embeddable":true,"href":"https:\/\/www.reseau-to.fr\/site\/index.php?rest_route=%2Fwp%2Fv2%2Ftags&post=2293"}],"curies":[{"name":"wp","href":"https:\/\/api.w.org\/{rel}","templated":true}]}}