{"id":1529,"date":"2016-10-10T08:35:10","date_gmt":"2016-10-10T08:35:10","guid":{"rendered":"http:\/\/www.reseau-to.fr\/site\/?p=940"},"modified":"2020-09-08T07:21:58","modified_gmt":"2020-09-08T06:21:58","slug":"ficelle-et-compagnie-2","status":"publish","type":"post","link":"https:\/\/www.reseau-to.fr\/site\/?p=1529","title":{"rendered":"Ficelle et Compagnie"},"content":{"rendered":"","protected":true},"excerpt":{"rendered":"","protected":true},"author":2,"featured_media":0,"comment_status":"open","ping_status":"open","sticky":false,"template":"","format":"standard","meta":{"jetpack_post_was_ever_published":false,"_jetpack_newsletter_access":"","_jetpack_dont_email_post_to_subs":false,"_jetpack_newsletter_tier_id":0,"_jetpack_memberships_contains_paywalled_content":false,"_jetpack_memberships_contains_paid_content":false,"footnotes":"","jetpack_publicize_message":"","jetpack_publicize_feature_enabled":true,"jetpack_social_post_already_shared":false,"jetpack_social_options":{"image_generator_settings":{"template":"highway","default_image_id":0,"font":"","enabled":false},"version":2}},"categories":[18],"tags":[],"class_list":["post-1529","post","type-post","status-publish","format-standard","post-password-required","hentry","category-groupes-du-reseau-to"],"jetpack_publicize_connections":[],"jetpack_featured_media_url":"","jetpack_sharing_enabled":true,"jetpack_shortlink":"https:\/\/wp.me\/parR3h-oF","jetpack-related-posts":[{"id":940,"url":"https:\/\/www.reseau-to.fr\/site\/?p=940","url_meta":{"origin":1529,"position":0},"title":"Ficelle et Compagnie","author":"Jean-Fran\u00e7ois Martel","date":"12 novembre 2017","format":false,"excerpt":"\"Ficelle et Compagnie est une association, \u00e0 la fois une troupe de th\u00e9\u00e2tre forum et organisme de formation qui \u0153uvre depuis 2006 sur la r\u00e9gion Auvergne et particuli\u00e8rement dans le Puy de D\u00f4me. Elle a pour objet de promouvoir la pratique de l'\u00c9ducation Populaire en g\u00e9n\u00e9ral et du Th\u00e9\u00e2tre-Forum en\u2026","rel":"","context":"Dans &quot;Auto&quot;","block_context":{"text":"Auto","link":"https:\/\/www.reseau-to.fr\/site\/?cat=11"},"img":{"alt_text":"","src":"","width":0,"height":0},"classes":[]},{"id":1994,"url":"https:\/\/www.reseau-to.fr\/site\/?p=1994","url_meta":{"origin":1529,"position":1},"title":"Livre: th\u00e9\u00e2tre forum pour tous et partout (Ficelle et&#8230;","author":"Jean-Fran\u00e7ois Martel","date":"5 avril 2018","format":false,"excerpt":"Un livre pr\u00e9sent\u00e9 par Ficelle et Compagnie (r\u00e9alis\u00e9 en 2014 avec Caravane Th\u00e9\u00e2tre). Principalement, chacune des pages, illustr\u00e9e de photos, pr\u00e9sente les consignes d\u2019un jeu, d\u2019un exercice ou d\u2019une technique. \u00ab \u2026un manuel p\u00e9dagogique sur la d\u00e9couverte et la mise en pratique du Th\u00e9\u00e2tre Forum (\u2026) Il pr\u00e9sente une d\u00e9marche\u2026","rel":"","context":"Dans &quot;Articles et Livres&quot;","block_context":{"text":"Articles et Livres","link":"https:\/\/www.reseau-to.fr\/site\/?cat=58"},"img":{"alt_text":"","src":"https:\/\/i0.wp.com\/www.reseau-to.fr\/site\/wp-content\/uploads\/2018\/04\/image-1.jpg?resize=350%2C200&ssl=1","width":350,"height":200},"classes":[]},{"id":3303,"url":"https:\/\/www.reseau-to.fr\/site\/?p=3303","url_meta":{"origin":1529,"position":2},"title":"Nos th\u00e8mes, nos spectacles","author":"Jean-Fran\u00e7ois Martel","date":"23 mai 2019","format":false,"excerpt":"Nos th\u00e9matiques, nos spectacles Ce recensement r\u00e9alis\u00e9 par Fabienne Brugel en mai 2019 n'est pas \u00e0 jour.\u00a0 Nous cherchons une bonne volont\u00e9 pr\u00eate \u00e0 travailler pour le compl\u00e9ter ! s'adresser \u00e0 contact@reseau-to.fr DiscriminationsTOP THEATRE a fait 4 spectacles :\u00a0\u00ab\u00a0Discriminations et violence\u00a0\u00bb : \u00e0 destination des jeunes ou des adultes\u00ab\u00a0Faute\u00a0\u00bb :\u2026","rel":"","context":"Dans &quot;Articles r\u00e9cents&quot;","block_context":{"text":"Articles r\u00e9cents","link":"https:\/\/www.reseau-to.fr\/site\/?cat=49"},"img":{"alt_text":"","src":"","width":0,"height":0},"classes":[]},{"id":5047,"url":"https:\/\/www.reseau-to.fr\/site\/?p=5047","url_meta":{"origin":1529,"position":3},"title":"Temps de COVID: quel TO ? visio-conf de nov20","author":"Jean-Fran\u00e7ois Martel","date":"19 novembre 2020","format":false,"excerpt":"Texte issu de la viso-conf\u00e9rence du 13 nov 2020. Quelques points saillants extraits de ce texte\u00a0: A) TOUT N\u2019EST PAS ANNULE\u00a0! Certains groupes travaillent, m\u00e8nent des ateliers, se d\u00e9brouillent avec les consignes sanitaires, les masques, font de la visio-conf\u00a0! Voir m.a.j. Du site: https:\/\/www.reseau-to.fr\/site\/?page_id=3451 B) Rencontre nationale maintenue 11,12,13 d\u00e9c,\u2026","rel":"","context":"Dans &quot;Articles r\u00e9cents&quot;","block_context":{"text":"Articles r\u00e9cents","link":"https:\/\/www.reseau-to.fr\/site\/?cat=49"},"img":{"alt_text":"","src":"","width":0,"height":0},"classes":[]},{"id":13136,"url":"https:\/\/www.reseau-to.fr\/site\/?p=13136","url_meta":{"origin":1529,"position":4},"title":"RTO 19 av . 24 AG, d\u00e9cisions","author":"Jean-Fran\u00e7ois Martel","date":"28 mai 2024","format":false,"excerpt":"rencontre du 06-07 avril 2024 \u00e0 Montreuil (93)Prochaine rencontre du r\u00e9seau TO:\u2028 Ce sera le week-end des 9 et 10 novembre 24, pr\u00e9s de Toulouse. dans un lieu qui nous h\u00e9berge et nous restaure !\u2028Elle sera anim\u00e9e et pr\u00e9par\u00e9e par l\u2019\u00e9quipe de TOT ,soutenue par No\u00e9mie nomiedumont@yahoo.fr (pr\u00e9sidente) et Fabienne,\u2026","rel":"","context":"Dans &quot;Articles r\u00e9cents&quot;","block_context":{"text":"Articles r\u00e9cents","link":"https:\/\/www.reseau-to.fr\/site\/?cat=49"},"img":{"alt_text":"","src":"","width":0,"height":0},"classes":[]},{"id":3372,"url":"https:\/\/www.reseau-to.fr\/site\/?p=3372","url_meta":{"origin":1529,"position":5},"title":"3 autres r\u00e9cits: TO et migrants","author":"Jean-Fran\u00e7ois Martel","date":"12 juin 2019","format":false,"excerpt":"Actions TO avec des migrants : 3 autres r\u00e9cits\u00a0 12\u00e8me rencontre du r\u00e9seau TO, avril 197 groupes t\u00e9moignaient: Naje, TOP, Brest (textes d\u00e9j\u00e0 parus) ainsi que Sardines et Ficelle, Miss griff, Javali, dont voici les 3 r\u00e9cits en 3 pages.Commentaires bienvenus !\u00a0 __________Nicole pour Miss Griff missgriffassociation@hotmail.com Le contexte Je\u2026","rel":"","context":"Dans &quot;Articles r\u00e9cents&quot;","block_context":{"text":"Articles r\u00e9cents","link":"https:\/\/www.reseau-to.fr\/site\/?cat=49"},"img":{"alt_text":"","src":"","width":0,"height":0},"classes":[]}],"_links":{"self":[{"href":"https:\/\/www.reseau-to.fr\/site\/index.php?rest_route=\/wp\/v2\/posts\/1529","targetHints":{"allow":["GET"]}}],"collection":[{"href":"https:\/\/www.reseau-to.fr\/site\/index.php?rest_route=\/wp\/v2\/posts"}],"about":[{"href":"https:\/\/www.reseau-to.fr\/site\/index.php?rest_route=\/wp\/v2\/types\/post"}],"author":[{"embeddable":true,"href":"https:\/\/www.reseau-to.fr\/site\/index.php?rest_route=\/wp\/v2\/users\/2"}],"replies":[{"embeddable":true,"href":"https:\/\/www.reseau-to.fr\/site\/index.php?rest_route=%2Fwp%2Fv2%2Fcomments&post=1529"}],"version-history":[{"count":3,"href":"https:\/\/www.reseau-to.fr\/site\/index.php?rest_route=\/wp\/v2\/posts\/1529\/revisions"}],"predecessor-version":[{"id":4717,"href":"https:\/\/www.reseau-to.fr\/site\/index.php?rest_route=\/wp\/v2\/posts\/1529\/revisions\/4717"}],"wp:attachment":[{"href":"https:\/\/www.reseau-to.fr\/site\/index.php?rest_route=%2Fwp%2Fv2%2Fmedia&parent=1529"}],"wp:term":[{"taxonomy":"category","embeddable":true,"href":"https:\/\/www.reseau-to.fr\/site\/index.php?rest_route=%2Fwp%2Fv2%2Fcategories&post=1529"},{"taxonomy":"post_tag","embeddable":true,"href":"https:\/\/www.reseau-to.fr\/site\/index.php?rest_route=%2Fwp%2Fv2%2Ftags&post=1529"}],"curies":[{"name":"wp","href":"https:\/\/api.w.org\/{rel}","templated":true}]}}