{"id":1521,"date":"2016-10-10T08:41:11","date_gmt":"2016-10-10T08:41:11","guid":{"rendered":"http:\/\/www.reseau-to.fr\/site\/?p=239"},"modified":"2020-09-08T07:29:36","modified_gmt":"2020-09-08T06:29:36","slug":"le-potimarron-2","status":"publish","type":"post","link":"https:\/\/www.reseau-to.fr\/site\/?p=1521","title":{"rendered":"Le Potimarron"},"content":{"rendered":"","protected":true},"excerpt":{"rendered":"","protected":true},"author":2,"featured_media":0,"comment_status":"open","ping_status":"open","sticky":false,"template":"","format":"standard","meta":{"jetpack_post_was_ever_published":false,"_jetpack_newsletter_access":"","_jetpack_dont_email_post_to_subs":false,"_jetpack_newsletter_tier_id":0,"_jetpack_memberships_contains_paywalled_content":false,"_jetpack_memberships_contains_paid_content":false,"footnotes":"","jetpack_publicize_message":"","jetpack_publicize_feature_enabled":true,"jetpack_social_post_already_shared":false,"jetpack_social_options":{"image_generator_settings":{"template":"highway","default_image_id":0,"font":"","enabled":false},"version":2}},"categories":[18],"tags":[],"class_list":["post-1521","post","type-post","status-publish","format-standard","post-password-required","hentry","category-groupes-du-reseau-to"],"jetpack_publicize_connections":[],"jetpack_featured_media_url":"","jetpack_sharing_enabled":false,"jetpack_shortlink":"https:\/\/wp.me\/parR3h-ox","jetpack-related-posts":[{"id":239,"url":"https:\/\/www.reseau-to.fr\/site\/?p=239","url_meta":{"origin":1521,"position":0},"title":"Le Potimarron","author":"Jean-Fran\u00e7ois Martel","date":"28 mars 2016","format":false,"excerpt":"\u00a0 \u00a0 \u00a0 Th\u00e9\u00e2tre du Potimarron \u00a0 \u00a0Un th\u00e9\u00e2tre d\u2019\u00e9ducation populaire, de \u00ab\u00a0service public\u00a0\u00bb, ouvert au plus grand nombre. Le th\u00e9\u00e2tre du Potimarron a \u00e9t\u00e9 cr\u00e9\u00e9 en \u2013 association de droit local- en 1983 par Jean Michel Sicard, com\u00e9dien professionnel, form\u00e9 \u00e0 l\u2019\u00e9cole de Jean Vilar. \u00a0 \u00a0 \u00a0 \u00a0\u2026","rel":"","context":"Dans &quot;Non class\u00e9&quot;","block_context":{"text":"Non class\u00e9","link":"https:\/\/www.reseau-to.fr\/site\/?cat=1"},"img":{"alt_text":"potimarron","src":"https:\/\/i0.wp.com\/www.reseau-to.fr\/site\/wp-content\/uploads\/2016\/03\/potimarron-300x246.jpg?resize=350%2C200","width":350,"height":200},"classes":[]},{"id":14263,"url":"https:\/\/www.reseau-to.fr\/site\/?p=14263","url_meta":{"origin":1521,"position":1},"title":"Nous avons perdu Jacqueline","author":"Jean-Fran\u00e7ois Martel","date":"11 mars 2025","format":false,"excerpt":"Jacqueline Martin, notre grande dame humaniste, r\u00e9volt\u00e9e, aux cheveux rouges, au grand sourire et au poing lev\u00e9, menait le th\u00e9\u00e2tre du Potimarron avec Jean-Mi, \u00e0 Strasbourg. Elle nous a quitt\u00e9s le 3 mars 2025, \u00e0 83 ans. Samedi 8 mars, une c\u00e9r\u00e9monie du souvenir a r\u00e9uni 150 personnes, pour deux\u2026","rel":"","context":"Dans &quot;Articles r\u00e9cents&quot;","block_context":{"text":"Articles r\u00e9cents","link":"https:\/\/www.reseau-to.fr\/site\/?cat=49"},"img":{"alt_text":"","src":"","width":0,"height":0},"classes":[]},{"id":2407,"url":"https:\/\/www.reseau-to.fr\/site\/?p=2407","url_meta":{"origin":1521,"position":2},"title":"Biographie de Boal","author":"Jean-Fran\u00e7ois Martel","date":"19 novembre 2018","format":false,"excerpt":"JF Martel, en charge du site, le 19 nov 18. en.vie.theatre@wanadoo.fr Cette biographie d'Augusto Boal, a \u00e9t\u00e9 pr\u00e9sent\u00e9e le 27\/3\/2009, \u00e0 l'UNESCO (PARIS) au cours de la journ\u00e9e d'hommage qui lui \u00e9tait consacr\u00e9e. Plusieurs lectures ont eu lieu, un th\u00e9\u00e2tre forum fut jou\u00e9 par des membres du GTO et de\u2026","rel":"","context":"Dans &quot;Augusto Boal&quot;","block_context":{"text":"Augusto Boal","link":"https:\/\/www.reseau-to.fr\/site\/?cat=59"},"img":{"alt_text":"","src":"","width":0,"height":0},"classes":[]},{"id":1915,"url":"https:\/\/www.reseau-to.fr\/site\/?p=1915","url_meta":{"origin":1521,"position":3},"title":"Hommage \u00e0 notre amie Muriel","author":"Jean-Fran\u00e7ois Martel","date":"28 mars 2018","format":false,"excerpt":"Texte lu aux obs\u00e8ques de Muriel Naessens, le jeudi 18 f\u00e9vrier 2016, cimeti\u00e8re du P\u00e8re Lachaise (75) Muriel, on avait tous les deux 20 ans en mai 68. J'ai rencontr\u00e9 l'\u00e9quipe de Boal en 1980... Bernard, Lorette, puis toi, Jean-Paul... Peu apr\u00e8s tu jouais dans le TF dirig\u00e9 par Boal,\u2026","rel":"","context":"Dans &quot;Non class\u00e9&quot;","block_context":{"text":"Non class\u00e9","link":"https:\/\/www.reseau-to.fr\/site\/?cat=1"},"img":{"alt_text":"","src":"","width":0,"height":0},"classes":[]},{"id":1666,"url":"https:\/\/www.reseau-to.fr\/site\/?p=1666","url_meta":{"origin":1521,"position":4},"title":"Le Th\u00e9\u00e2tre de l\u2019Opprim\u00e9 : matrice symbolique de l\u2019espace public (th\u00e8se de Cl\u00e9ment Poutot)","author":"R\u00e9mi","date":"20 f\u00e9vrier 2018","format":false,"excerpt":"Invent\u00e9 par Augusto Boal dans les ann\u00e9es 1970 en Am\u00e9rique latine, le th\u00e9\u00e2tre de l\u2019opprim\u00e9 a pour objectif de conjuguer l\u2019expression artistique avec un travail de r\u00e9flexion collective sur le groupe et la soci\u00e9t\u00e9, en encourageant la participation et l\u2019implication. Cette forme particuli\u00e8re de th\u00e9\u00e2tre laisse entendre que son action\u2026","rel":"","context":"Dans &quot;Articles et Livres&quot;","block_context":{"text":"Articles et Livres","link":"https:\/\/www.reseau-to.fr\/site\/?cat=58"},"img":{"alt_text":"","src":"","width":0,"height":0},"classes":[]},{"id":257,"url":"https:\/\/www.reseau-to.fr\/site\/?p=257","url_meta":{"origin":1521,"position":5},"title":"Top Th\u00e9\u00e2tre de l&rsquo;opprim\u00e9","author":"Jean-Fran\u00e7ois Martel","date":"24 avril 2016","format":false,"excerpt":"\u00a0 \u00a0T\u2019OP! TH\u00c9\u00c2TRE DE L\u2019OPPRIM\u00c9 \u00a0 \u00ab\u00a0Rendre visibles les oppressions et s\u2019entra\u00eener \u00e0 lutter\u00a0\u00bb T'OP! Th\u00e9\u00e2tre de l'Opprim\u00e9 est fond\u00e9e dans le Nord-Pas de Calais en 2004 autour de Jean-Fran\u00e7ois Martel, ancien du CTO-Augusto Boal. \u00a0 \u00a0 \u00a0 \u00a0 \u00a0 \u00a0 \u00a0 \u00a0 \u00a0 \u00a0 \u00a0 \u00a0 \u00a0 \u00a0 \u00a0\u2026","rel":"","context":"Dans &quot;projets&quot;","block_context":{"text":"projets","link":"https:\/\/www.reseau-to.fr\/site\/?cat=5"},"img":{"alt_text":"TOP","src":"https:\/\/i0.wp.com\/www.reseau-to.fr\/site\/wp-content\/uploads\/2016\/04\/TOP-300x300.jpg?resize=350%2C200","width":350,"height":200},"classes":[]}],"_links":{"self":[{"href":"https:\/\/www.reseau-to.fr\/site\/index.php?rest_route=\/wp\/v2\/posts\/1521","targetHints":{"allow":["GET"]}}],"collection":[{"href":"https:\/\/www.reseau-to.fr\/site\/index.php?rest_route=\/wp\/v2\/posts"}],"about":[{"href":"https:\/\/www.reseau-to.fr\/site\/index.php?rest_route=\/wp\/v2\/types\/post"}],"author":[{"embeddable":true,"href":"https:\/\/www.reseau-to.fr\/site\/index.php?rest_route=\/wp\/v2\/users\/2"}],"replies":[{"embeddable":true,"href":"https:\/\/www.reseau-to.fr\/site\/index.php?rest_route=%2Fwp%2Fv2%2Fcomments&post=1521"}],"version-history":[{"count":3,"href":"https:\/\/www.reseau-to.fr\/site\/index.php?rest_route=\/wp\/v2\/posts\/1521\/revisions"}],"predecessor-version":[{"id":4723,"href":"https:\/\/www.reseau-to.fr\/site\/index.php?rest_route=\/wp\/v2\/posts\/1521\/revisions\/4723"}],"wp:attachment":[{"href":"https:\/\/www.reseau-to.fr\/site\/index.php?rest_route=%2Fwp%2Fv2%2Fmedia&parent=1521"}],"wp:term":[{"taxonomy":"category","embeddable":true,"href":"https:\/\/www.reseau-to.fr\/site\/index.php?rest_route=%2Fwp%2Fv2%2Fcategories&post=1521"},{"taxonomy":"post_tag","embeddable":true,"href":"https:\/\/www.reseau-to.fr\/site\/index.php?rest_route=%2Fwp%2Fv2%2Ftags&post=1521"}],"curies":[{"name":"wp","href":"https:\/\/api.w.org\/{rel}","templated":true}]}}