{"id":13952,"date":"2025-01-06T16:03:09","date_gmt":"2025-01-06T15:03:09","guid":{"rendered":"https:\/\/www.reseau-to.fr\/site\/?p=13952"},"modified":"2025-05-19T11:02:35","modified_gmt":"2025-05-19T09:02:35","slug":"58-groupes-du-reseau-to-depuis-11-ans-les-anciens-les-disparus-les-nouveaux","status":"publish","type":"post","link":"https:\/\/www.reseau-to.fr\/site\/?p=13952","title":{"rendered":"58 groupes du r\u00e9seau TO depuis 11 ans : les anciens, les disparus, les nouveaux !"},"content":{"rendered":"\t\t<div data-elementor-type=\"wp-post\" data-elementor-id=\"13952\" class=\"elementor elementor-13952\">\n\t\t\t\t\t\t<section class=\"elementor-section elementor-top-section elementor-element elementor-element-52cd2ca3 elementor-section-boxed elementor-section-height-default elementor-section-height-default\" data-id=\"52cd2ca3\" data-element_type=\"section\" data-e-type=\"section\">\n\t\t\t\t\t\t<div class=\"elementor-container elementor-column-gap-default\">\n\t\t\t\t\t<div class=\"elementor-column elementor-col-100 elementor-top-column elementor-element elementor-element-6dec4749\" data-id=\"6dec4749\" data-element_type=\"column\" data-e-type=\"column\">\n\t\t\t<div class=\"elementor-widget-wrap elementor-element-populated\">\n\t\t\t\t\t\t<div class=\"elementor-element elementor-element-d475f8f elementor-widget elementor-widget-text-editor\" data-id=\"d475f8f\" data-element_type=\"widget\" data-e-type=\"widget\" data-widget_type=\"text-editor.default\">\n\t\t\t\t<div class=\"elementor-widget-container\">\n\t\t\t\t\t\t\t\t\t<p><strong><u>11 ANS DE RESEAU THEATRE DE L\u2019OPPRIME : panorama de + de 60\u00a0 groupes<\/u><br \/>Certains sont l\u00e0 depuis le d\u00e9but, certains ont disparu, d\u2019autres sont arriv\u00e9s\u00a0!<\/strong><\/p>\n<p><!-- \/wp:paragraph --><!-- wp:paragraph --><\/p>\n<p>Par JF Martel, secr\u00e9taire du R\u00e9seau. Point de mes connaissances fin 2024, revu le 24\/03\/25\u00a0 puis le 19\/05\/25 <a href=\"mailto:contact@reseau-to.fr\">contact@reseau-to.fr<\/a><br \/>J\u2019esp\u00e8re n\u2019avoir pas trop oubli\u00e9 de monde\u00a0! Les coordonn\u00e9es de ces groupes\u00a0:<br \/>sur le site www.reseau-to.fr \u00e0 la page <em>groupes <\/em>et \u00e0 l\u2019onglet <em>listes<\/em> de la page <em>membres<\/em><\/p>\n<p><!-- \/wp:paragraph --><!-- wp:paragraph --><\/p>\n<p><strong><span style=\"text-decoration: underline;\">LES 3 AXES DU RESEAU TO<\/span><br \/>&#8211; le d\u00e9sir et le besoin d\u2019\u00e9changer <\/strong>\u00e0 \u00e9galit\u00e9 entre praticien\u00b7ne\u00b7s du TO.<br \/><strong>&#8211; la volont\u00e9 de lutter contre les oppressions <\/strong>par le TO en accord avec les positions d\u2019A. Boal<br \/><strong>&#8211; la pr\u00e9f\u00e9rence pour la coop\u00e9ration<\/strong>, plut\u00f4t que la concurrence entre groupes.<br \/>Nous avons ajout\u00e9 un quatri\u00e8me axe r\u00e9cemment\u00a0:<br \/><strong>&#8211; l\u2019attention aux dominations <\/strong>au sein de nos groupes et de notre r\u00e9seau.<\/p>\n<p><!-- \/wp:paragraph --><!-- wp:paragraph --><\/p>\n<p><strong><span style=\"text-decoration: underline;\">BREVE CHRONOLOGIE DU RESEAU<\/span><br \/>Rencontre N\u00b0 z\u00e9ro\u00a0<\/strong>: le 2 nov 2013 \u00e0 Lille, propos\u00e9e par T\u2019OP! intitul\u00e9e \u00ab vers un r\u00e9seau TO \u00bb \u00e0 l\u2019occasion d\u2019un stage international dirig\u00e9 par Sanjoy et Sima Ganguly de Jana Sanskriti (Inde).<br \/><strong> 1\u00e8re rencontre <\/strong>Paris, mars 2014. D\u00e9cisions: cr\u00e9er un r\u00e9seau, son p\u00e9rim\u00e8tre, ses outils.<br \/><strong>L\u2019association R\u00e9seau TO est <\/strong>cr\u00e9\u00e9e \u00e0 Paris en 2016. 13 groupes fondateurs, gros ou petits.<\/p>\n<p><!-- \/wp:paragraph --><!-- wp:paragraph --><\/p>\n<p><strong>Page 1: les fondateurs, <br \/>Page 2: les groupes adh\u00e9rents et en lien, <\/strong><br \/>P<strong>age 3: les nouveaux groupes, les groupes hors hexagone.<\/strong><\/p>\t\t\t\t\t\t\t\t<\/div>\n\t\t\t\t<\/div>\n\t\t\t\t<div class=\"elementor-element elementor-element-22a9d4f elementor-widget elementor-widget-read-more\" data-id=\"22a9d4f\" data-element_type=\"widget\" data-e-type=\"widget\" data-widget_type=\"read-more.default\">\n\t\t\t\t<div class=\"elementor-widget-container\">\n\t\t\t\t\t<\/div><\/div><\/div><\/div><\/div><\/section><\/div> <a href=\"https:\/\/www.reseau-to.fr\/site\/?p=13952#more-13952\" class=\"more-link elementor-more-link\"><span aria-label=\"Poursuivre la lecture 58 groupes du r\u00e9seau TO depuis 11 ans : les anciens, les disparus, les nouveaux !\">Lire la suite<\/span><\/a>","protected":false},"excerpt":{"rendered":"<p>11 ANS DE RESEAU THEATRE DE L\u2019OPPRIME : panorama de + de 60\u00a0 groupesCertains sont l\u00e0 depuis le d\u00e9but, certains ont disparu, d\u2019autres sont arriv\u00e9s\u00a0! Par JF Martel, secr\u00e9taire du R\u00e9seau. Point de mes connaissances fin 2024, revu le 24\/03\/25\u00a0 puis le 19\/05\/25 contact@reseau-to.frJ\u2019esp\u00e8re n\u2019avoir pas trop oubli\u00e9 de monde\u00a0! Les coordonn\u00e9es de ces groupes\u00a0:sur &hellip; <a href=\"https:\/\/www.reseau-to.fr\/site\/?p=13952\" class=\"more-link\">Continuer la lecture de <span class=\"screen-reader-text\">58 groupes du r\u00e9seau TO depuis 11 ans : les anciens, les disparus, les nouveaux !<\/span> <span class=\"meta-nav\">&rarr;<\/span><\/a><\/p>\n","protected":false},"author":2,"featured_media":0,"comment_status":"open","ping_status":"open","sticky":false,"template":"","format":"standard","meta":{"jetpack_post_was_ever_published":false,"_jetpack_newsletter_access":"","_jetpack_dont_email_post_to_subs":false,"_jetpack_newsletter_tier_id":0,"_jetpack_memberships_contains_paywalled_content":false,"_jetpack_memberships_contains_paid_content":false,"footnotes":"","jetpack_publicize_message":"","jetpack_publicize_feature_enabled":true,"jetpack_social_post_already_shared":true,"jetpack_social_options":{"image_generator_settings":{"template":"highway","default_image_id":0,"font":"","enabled":false},"version":2}},"categories":[49,63],"tags":[],"class_list":["post-13952","post","type-post","status-publish","format-standard","hentry","category-articles-recents","category-panorama-groupes"],"jetpack_publicize_connections":[],"jetpack_featured_media_url":"","jetpack_sharing_enabled":true,"jetpack_shortlink":"https:\/\/wp.me\/parR3h-3D2","jetpack-related-posts":[{"id":7944,"url":"https:\/\/www.reseau-to.fr\/site\/?p=7944","url_meta":{"origin":13952,"position":0},"title":"Adh\u00e9rer au r\u00e9seau TO","author":"Jean-Fran\u00e7ois Martel","date":"29 mars 2022","format":false,"excerpt":"Adh\u00e9rer au r\u00e9seau TO Les adh\u00e9sions concernent les groupes, collectifs, associations, compagnies, th\u00e9\u00e2tres\u00a0 qui pratiquent le th\u00e9\u00e2tre de l\u2019opprim\u00e9\u00b7e. Le r\u00e9seau ne souhaite pas devenir un \u00ab\u00a0super groupe de TO\u00a0\u00bb les adh\u00e9sions individuelles n'existent pas. Comment adh\u00e9rer\u00a0: L'id\u00e9e\u00a0g\u00e9n\u00e9rale (qu'on a gard\u00e9e!) \u00a0\u00ab\u00a0j'ai vu le travail de tel groupe, c'est sympa,\u2026","rel":"","context":"Article similaire","block_context":{"text":"Article similaire","link":""},"img":{"alt_text":"","src":"","width":0,"height":0},"classes":[]},{"id":12668,"url":"https:\/\/www.reseau-to.fr\/site\/?p=12668","url_meta":{"origin":13952,"position":1},"title":"Comment devenir membre du R\u00e9seau T.O.","author":"Jean-Fran\u00e7ois Martel","date":"6 mars 2024","format":false,"excerpt":"A) Devenir membre associ\u00e9 du r\u00e9seau TO\u00a0?Les 3 \u00e9tapes\u00a0:1) d'abord, les groupes qui nous ont contact\u00e9s sont abonn\u00e9s par nos soins \u00e0 notre liste de diffusion, ils re\u00e7oivent toutes les infos et peuvent participer (ou non) \u00e0 cette liste.2) Ensuite, le groupe signifie son accord pratique (son fonctionnement) et th\u00e9orique\u2026","rel":"","context":"Dans &quot;Articles r\u00e9cents&quot;","block_context":{"text":"Articles r\u00e9cents","link":"https:\/\/www.reseau-to.fr\/site\/?cat=49"},"img":{"alt_text":"","src":"","width":0,"height":0},"classes":[]},{"id":10995,"url":"https:\/\/www.reseau-to.fr\/site\/?p=10995","url_meta":{"origin":13952,"position":2},"title":"Rejoindre notre r\u00e9seau TO","author":"Jean-Fran\u00e7ois Martel","date":"25 juin 2023","format":false,"excerpt":"Notre r\u00e9seau se compose de groupes qui pratiquent le TO. Les groupes qui en font la demande peuvent devenir membre associ\u00e9, s'ils se retrouvent dans nos trois grands principes. Ils sont alors inscrits dans notre liste de diffusion\/discussion, leurs dates sont diffus\u00e9es dans nos \"ACTU\" du r\u00e9seau. Un don (\u00e0\u2026","rel":"","context":"Dans &quot;Articles r\u00e9cents&quot;","block_context":{"text":"Articles r\u00e9cents","link":"https:\/\/www.reseau-to.fr\/site\/?cat=49"},"img":{"alt_text":"","src":"","width":0,"height":0},"classes":[]},{"id":7946,"url":"https:\/\/www.reseau-to.fr\/site\/?p=7946","url_meta":{"origin":13952,"position":3},"title":"Adh\u00e9rer au r\u00e9seau TO version 04\/22","author":"Jean-Fran\u00e7ois Martel","date":"29 mars 2022","format":false,"excerpt":"Les adh\u00e9sions concernent les groupes, collectifs, associations, compagnies, th\u00e9\u00e2tres,\u00a0 qui pratiquent le th\u00e9\u00e2tre de l\u2019opprim\u00e9\u00b7e. Le r\u00e9seau ne souhaite pas devenir un \u00ab super groupe de TO \u00bb qu'on pourrait rejoindre ind\u00e9pendamment de son groupe ! Aussi, il n'y a pas d'adh\u00e9sion individuelle. Comment adh\u00e9rer ?\u00a0 L'id\u00e9e g\u00e9n\u00e9rale reste: \u00a0\u2026","rel":"","context":"Dans &quot;Articles r\u00e9cents&quot;","block_context":{"text":"Articles r\u00e9cents","link":"https:\/\/www.reseau-to.fr\/site\/?cat=49"},"img":{"alt_text":"","src":"","width":0,"height":0},"classes":[]},{"id":13001,"url":"https:\/\/www.reseau-to.fr\/site\/?p=13001","url_meta":{"origin":13952,"position":4},"title":"10 ans de r\u00e9seau TO : BILAN + passage de relai. JF Martel","author":"Jean-Fran\u00e7ois Martel","date":"6 mai 2024","format":false,"excerpt":"Par Jean-Fran\u00e7ois Martel \u00a0: 10 ANS DE RESEAU THEATRE DE L'OPPRIMEJ'y ai pris beaucoup de plaisir. Maintenant je passe la main\u00a0! \u2028J'ai 76 ans. Depuis 10 ans, ma part dans les rencontres a bien diminu\u00e9, je me r\u00e9jouis de ces rencontres maintenant bien assum\u00e9es collectivement. Je souhaite la m\u00eame chose\u2026","rel":"","context":"Dans &quot;archives&quot;","block_context":{"text":"archives","link":"https:\/\/www.reseau-to.fr\/site\/?cat=50"},"img":{"alt_text":"","src":"","width":0,"height":0},"classes":[]},{"id":6651,"url":"https:\/\/www.reseau-to.fr\/site\/?p=6651","url_meta":{"origin":13952,"position":5},"title":"Adh\u00e9rer au R\u00e9seau TO","author":"Jean-Fran\u00e7ois Martel","date":"6 septembre 2021","format":false,"excerpt":"Adh\u00e9rer au R\u00e9seau Th\u00e9\u00e2tre de l'opprim\u00e9\u00b7e (rencontre du 18 sept 21)Sur le fond : c\u2019est d\u2019abord se conna\u00eetre et partager valeurs et pratiques (tel que d\u00e9finies dans la charte). Les adh\u00e9sions concernent les groupes, collectifs, associations, compagnies, th\u00e9\u00e2tres\u00a0 qui pratiquent le th\u00e9\u00e2tre de l\u2019opprim\u00e9\u00b7e. Pour faire une demande d\u2019adh\u00e9sion,\u00a0apr\u00e8s avoir\u2026","rel":"","context":"Dans &quot;Articles r\u00e9cents&quot;","block_context":{"text":"Articles r\u00e9cents","link":"https:\/\/www.reseau-to.fr\/site\/?cat=49"},"img":{"alt_text":"","src":"","width":0,"height":0},"classes":[]}],"_links":{"self":[{"href":"https:\/\/www.reseau-to.fr\/site\/index.php?rest_route=\/wp\/v2\/posts\/13952","targetHints":{"allow":["GET"]}}],"collection":[{"href":"https:\/\/www.reseau-to.fr\/site\/index.php?rest_route=\/wp\/v2\/posts"}],"about":[{"href":"https:\/\/www.reseau-to.fr\/site\/index.php?rest_route=\/wp\/v2\/types\/post"}],"author":[{"embeddable":true,"href":"https:\/\/www.reseau-to.fr\/site\/index.php?rest_route=\/wp\/v2\/users\/2"}],"replies":[{"embeddable":true,"href":"https:\/\/www.reseau-to.fr\/site\/index.php?rest_route=%2Fwp%2Fv2%2Fcomments&post=13952"}],"version-history":[{"count":5,"href":"https:\/\/www.reseau-to.fr\/site\/index.php?rest_route=\/wp\/v2\/posts\/13952\/revisions"}],"predecessor-version":[{"id":14484,"href":"https:\/\/www.reseau-to.fr\/site\/index.php?rest_route=\/wp\/v2\/posts\/13952\/revisions\/14484"}],"wp:attachment":[{"href":"https:\/\/www.reseau-to.fr\/site\/index.php?rest_route=%2Fwp%2Fv2%2Fmedia&parent=13952"}],"wp:term":[{"taxonomy":"category","embeddable":true,"href":"https:\/\/www.reseau-to.fr\/site\/index.php?rest_route=%2Fwp%2Fv2%2Fcategories&post=13952"},{"taxonomy":"post_tag","embeddable":true,"href":"https:\/\/www.reseau-to.fr\/site\/index.php?rest_route=%2Fwp%2Fv2%2Ftags&post=13952"}],"curies":[{"name":"wp","href":"https:\/\/api.w.org\/{rel}","templated":true}]}}