{"id":11805,"date":"2023-11-18T08:32:11","date_gmt":"2023-11-18T07:32:11","guid":{"rendered":"https:\/\/www.reseau-to.fr\/site\/?p=11805"},"modified":"2023-11-18T10:01:42","modified_gmt":"2023-11-18T09:01:42","slug":"un-livre-daugusto-boal-les-techniques-introspectives","status":"publish","type":"post","link":"https:\/\/www.reseau-to.fr\/site\/?p=11805","title":{"rendered":"Un livre d&rsquo;Augusto Boal : \u00ab\u00a0les techniques introspectives\u00a0\u00bb"},"content":{"rendered":"","protected":true},"excerpt":{"rendered":"","protected":true},"author":2,"featured_media":0,"comment_status":"open","ping_status":"open","sticky":false,"template":"","format":"standard","meta":{"jetpack_post_was_ever_published":true,"_jetpack_newsletter_access":"","_jetpack_dont_email_post_to_subs":false,"_jetpack_newsletter_tier_id":0,"_jetpack_memberships_contains_paywalled_content":false,"_jetpack_memberships_contains_paid_content":false,"footnotes":"","jetpack_publicize_message":"","jetpack_publicize_feature_enabled":true,"jetpack_social_post_already_shared":true,"jetpack_social_options":{"image_generator_settings":{"template":"highway","default_image_id":0,"font":"","enabled":false},"version":2}},"categories":[49,38],"tags":[],"class_list":["post-11805","post","type-post","status-publish","format-standard","post-password-required","hentry","category-articles-recents","category-autres-archives"],"jetpack_publicize_connections":[],"jetpack_featured_media_url":"","jetpack_sharing_enabled":true,"jetpack_shortlink":"https:\/\/wp.me\/parR3h-34p","jetpack-related-posts":[{"id":14510,"url":"https:\/\/www.reseau-to.fr\/site\/?p=14510","url_meta":{"origin":11805,"position":0},"title":"Voyage dans le r\u00e9seau : un cas de VSS devient public gr\u00e2ce \u00e0 un Th\u00e9\u00e2tre Forum","author":"Jean-Fran\u00e7ois Martel","date":"18 juin 2025","format":false,"excerpt":"VOYAGE DANS LE RESEAU\u00a0: UNE AFFAIRE INTERNE de VSS ECLATE AU GRAND JOUR, SUITE A UN TF Nous sommes dans une \u00e9cole de travailleurs sociaux. El\u00e8ves, profs, tout le monde se conna\u00eet. Forc\u00e9ment, en arrivant dans le hall, j\u2019intrigue\u00a0! On me regarde, je rends les regards, m\u2019approche, et finalement j\u2019entends\u2026","rel":"","context":"Dans &quot;Articles r\u00e9cents&quot;","block_context":{"text":"Articles r\u00e9cents","link":"https:\/\/www.reseau-to.fr\/site\/?cat=49"},"img":{"alt_text":"","src":"","width":0,"height":0},"classes":[]},{"id":7025,"url":"https:\/\/www.reseau-to.fr\/site\/?p=7025","url_meta":{"origin":11805,"position":1},"title":"La ligne des privil\u00e8ges pratiqu\u00e9e \u00e0 la RTO N\u00b014","author":"Jean-Fran\u00e7ois Martel","date":"19 octobre 2021","format":false,"excerpt":"LA LIGNE DES PRIVILEGES (pratiqu\u00e9e au cours de la rencontre N\u00b014 du r\u00e9seau, une autre version propose que chacun joue son propre personnage. Voir marche des privil\u00e8ges du qu\u00e9bec H\u00e9l\u00e9na nous distribue des personnages. Chacun.e va se mettre dans un coin et H\u00e9l\u00e9na nous pose des questions pour nous aider\u2026","rel":"","context":"Dans &quot;Articles r\u00e9cents&quot;","block_context":{"text":"Articles r\u00e9cents","link":"https:\/\/www.reseau-to.fr\/site\/?cat=49"},"img":{"alt_text":"","src":"","width":0,"height":0},"classes":[]},{"id":1942,"url":"https:\/\/www.reseau-to.fr\/site\/?p=1942","url_meta":{"origin":11805,"position":2},"title":"Echanges sur le TO en prison","author":"Jean-Fran\u00e7ois Martel","date":"28 mars 2018","format":false,"excerpt":"ECHANGE D'EXPERIENCES\u00a0: Le TO EN PRISON l Au cours de la rencontre R\u00e9seau TO 14 et 15 oct 1207, six groupes exposent leurs exp\u00e9riences v\u00e9cues, leurs r\u00e9ussites, leurs \u00e9checs, questions remarques et r\u00e9ponses suivent. L'\u00e9change fut passionnant. J'ai int\u00e9gr\u00e9 \u00e0 la suite de chaque r\u00e9sum\u00e9 les textes compl\u00e9mentaires qui m'ont\u2026","rel":"","context":"Dans &quot;Non class\u00e9&quot;","block_context":{"text":"Non class\u00e9","link":"https:\/\/www.reseau-to.fr\/site\/?cat=1"},"img":{"alt_text":"","src":"","width":0,"height":0},"classes":[]},{"id":14266,"url":"https:\/\/www.reseau-to.fr\/site\/?p=14266","url_meta":{"origin":11805,"position":3},"title":"Voyage dans le r\u00e9seau: injustices \u00e0 l&rsquo;\u00e9cole","author":"Jean-Fran\u00e7ois Martel","date":"11 mars 2025","format":false,"excerpt":"THEATRE FORUM \u00ab INJUSTICES A L\u2019ECOLE \u00bb par un groupe d\u2019enfants de 9 \u00e0 12 ans.Le 27 f\u00e9vrier 2025, au th\u00e9\u00e2tre CONCORDE, place de la CONCORDE\u00a0 \u00e0 Paris, \u00e0 deux pas du fastueux H\u00f4tel CRILLON, jouaient des enfants venus du 11\u00e8me arrondissement !Joker : Jules (Cie Naje). Notes de JF\u2026","rel":"","context":"Dans &quot;Articles r\u00e9cents&quot;","block_context":{"text":"Articles r\u00e9cents","link":"https:\/\/www.reseau-to.fr\/site\/?cat=49"},"img":{"alt_text":"","src":"","width":0,"height":0},"classes":[]},{"id":14499,"url":"https:\/\/www.reseau-to.fr\/site\/?p=14499","url_meta":{"origin":11805,"position":4},"title":"Voyage dans le r\u00e9seau : un 2\u00e8me TF avec interventions collectives pr\u00e9par\u00e9es","author":"Jean-Fran\u00e7ois Martel","date":"11 juin 2025","format":false,"excerpt":"VOYAGE DANS LE RESEAU\u00a0: Le TF \/ SEXISME et VSS du groupe Pas a passo INTERVENTION COLLECTIVE CONCERTEE DANS UN TF\u00a0: 2\u00e8me article \u00e0 ce sujet.2\u00e8me s\u00e9ance du TF de Pas a passo, 20 mars 2025, dans une \u00e9cole de travailleurs sociaux. J\u2019avais cette fois l\u2019envie de ne pas participer\u2026","rel":"","context":"Dans &quot;Articles r\u00e9cents&quot;","block_context":{"text":"Articles r\u00e9cents","link":"https:\/\/www.reseau-to.fr\/site\/?cat=49"},"img":{"alt_text":"","src":"","width":0,"height":0},"classes":[]},{"id":10474,"url":"https:\/\/www.reseau-to.fr\/site\/?p=10474","url_meta":{"origin":11805,"position":5},"title":"Rencontre N\u00b017  du RTO,  1 et 2 avril 2023, Clermont-Ferrand.","author":"Jean-Fran\u00e7ois Martel","date":"18 avril 2023","format":false,"excerpt":"Compte-rendu de la 17\u00e8me rencontre du R\u00e9seau TO Sam 1er et Dim. 2 avril 2023 \u00e0 Clermont-Ferrand. Samedi\u00a0:jeux propos\u00e9s par Fatima et JoellePr\u00e9sentation de 4 nouveaux groupesDiscussion sur les modes de fonctionnement de diff\u00e9rents groupesPar l\u2019Attelage\u00a0: revisite th\u00e9\u00e2tralis\u00e9e de l\u2019histoire du TOJeu propos\u00e9 par ManonTravail en forum sur nos difficult\u00e9s\u2026","rel":"","context":"Dans &quot;Articles r\u00e9cents&quot;","block_context":{"text":"Articles r\u00e9cents","link":"https:\/\/www.reseau-to.fr\/site\/?cat=49"},"img":{"alt_text":"","src":"","width":0,"height":0},"classes":[]}],"_links":{"self":[{"href":"https:\/\/www.reseau-to.fr\/site\/index.php?rest_route=\/wp\/v2\/posts\/11805","targetHints":{"allow":["GET"]}}],"collection":[{"href":"https:\/\/www.reseau-to.fr\/site\/index.php?rest_route=\/wp\/v2\/posts"}],"about":[{"href":"https:\/\/www.reseau-to.fr\/site\/index.php?rest_route=\/wp\/v2\/types\/post"}],"author":[{"embeddable":true,"href":"https:\/\/www.reseau-to.fr\/site\/index.php?rest_route=\/wp\/v2\/users\/2"}],"replies":[{"embeddable":true,"href":"https:\/\/www.reseau-to.fr\/site\/index.php?rest_route=%2Fwp%2Fv2%2Fcomments&post=11805"}],"version-history":[{"count":5,"href":"https:\/\/www.reseau-to.fr\/site\/index.php?rest_route=\/wp\/v2\/posts\/11805\/revisions"}],"predecessor-version":[{"id":11831,"href":"https:\/\/www.reseau-to.fr\/site\/index.php?rest_route=\/wp\/v2\/posts\/11805\/revisions\/11831"}],"wp:attachment":[{"href":"https:\/\/www.reseau-to.fr\/site\/index.php?rest_route=%2Fwp%2Fv2%2Fmedia&parent=11805"}],"wp:term":[{"taxonomy":"category","embeddable":true,"href":"https:\/\/www.reseau-to.fr\/site\/index.php?rest_route=%2Fwp%2Fv2%2Fcategories&post=11805"},{"taxonomy":"post_tag","embeddable":true,"href":"https:\/\/www.reseau-to.fr\/site\/index.php?rest_route=%2Fwp%2Fv2%2Ftags&post=11805"}],"curies":[{"name":"wp","href":"https:\/\/api.w.org\/{rel}","templated":true}]}}