{"id":10578,"date":"2023-05-14T17:21:38","date_gmt":"2023-05-14T15:21:38","guid":{"rendered":"https:\/\/www.reseau-to.fr\/site\/?p=10578"},"modified":"2023-06-13T08:03:49","modified_gmt":"2023-06-13T06:03:49","slug":"rendre-notre-site-visible","status":"publish","type":"post","link":"https:\/\/www.reseau-to.fr\/site\/?p=10578","title":{"rendered":"Rendre notre site visible"},"content":{"rendered":"\n<p><strong>Pour que notre site soit une vitrine visible<\/strong><\/p>\n\n\n\n<p><strong>1) La rencontre des 1er 2 avril 23 vous demande, \u00e0 chaque personne, de choisir le site du r\u00e9seau TO comme page d&rsquo;accueil quand vous allez sur internet.<\/strong> Vous ne resterez sur cette page qu&rsquo;une seconde ou deux, le temps de taper le site que vous voulez visiter. Mais cette connexion sera comptabilis\u00e9e par les algorythmes des moteurs de recherche, et notre site sera mieux r\u00e9pertori\u00e9, si beaucoup de monde suit ce conseil.<br><strong>Comment faire\u00a0?<\/strong><br>Si vous utilisez Firefox\u00a0: il suffit d&rsquo;ouvrir la page du r\u00e9seau\u00a0: <a href=\"http:\/\/www.reseau-to.fr\/\">www.reseau-to.fr<\/a> puis en haut, vous s\u00e9lectionnez l&rsquo;adresse du r\u00e9seau, puis vous la glissez-d\u00e9posez sur la petite maison qui est juste \u00e0 gauche\u00a0! C&rsquo;est tout\u00a0!Pour les autres navigateurs, je vais chercher, mais peut-\u00eatre savez-vous d\u00e9j\u00e0 le faire\u00a0? Dans ce cas indiquez nous la marche \u00e0 suivre, merci, \u00e0 <a href=\"mailto:contact@reseau-to.fr\">contact@reseau-to.fr<\/a><br>avec safari\u00a0: <em>\u00e0 compl\u00e9ter<\/em><br>avec Microsoft Edge (le rempla\u00e7ant d&rsquo;Internet Explorer)\u00a0: <em>\u00e0 compl\u00e9ter<\/em><br>avec chrome\u00a0: <em>\u00e0 compl\u00e9ter<\/em><\/p>\n\n\n\n<p><strong>2) Ins\u00e9rer le lien <a href=\"http:\/\/www.reseau-to.fr\/\">www.reseau-to.fr<\/a> dans le site de votre groupe TO, en bonne place.  <\/strong><br>\u00c7a s&rsquo;appelle un back link. C&rsquo;est ce qui est le plus efficace pour \u00eatre bien class\u00e9 dans les moteurs de recherche. Ce lien, mettez-le assez visible sur votre site, par exemple lorsque vous vous pr\u00e9sentez, parlez de vos orientations, vous pouvez fi\u00e8rement afficher que vous \u00eates membre adh\u00e9rent, membre fondateur, membre associ\u00e9 du r\u00e9seau TO&nbsp;! (et mettre le lien). Vous pouvez aussi l&rsquo;indiquer dans votre page face book etc\u2026<\/p>\n\n\n\n<p>Le r\u00e9seau TO n&rsquo;est pas un de vos contacts, ou un de vos partenaires&nbsp;! Vous en faites partie&nbsp;!<\/p>\n\n\n\n<p><\/p>\n\n\n\n<p><strong>La rencontre des 1et 2 avril 23 a aussi demand\u00e9 que vous le mettiez dans vos signatures<\/strong>, par exemple&nbsp;en bas d&rsquo;un mail&#8230; Exemple de signature: <br>T&rsquo;OP&nbsp;! Th\u00e9\u00e2tre de l&rsquo;opprim\u00e9 (lille) tel, site&#8230; membre fondateur du r\u00e9seau TO <a href=\"http:\/\/www.reseau-to.fr\/\">www.reseau-to.fr<\/a><\/p>\n\n\n\n<p>JF secr\u00e9taire du RTO 06 85 54 99 68 <\/p>\n","protected":false},"excerpt":{"rendered":"<p>Pour que notre site soit une vitrine visible 1) La rencontre des 1er 2 avril 23 vous demande, \u00e0 chaque personne, de choisir le site du r\u00e9seau TO comme page d&rsquo;accueil quand vous allez sur internet. Vous ne resterez sur cette page qu&rsquo;une seconde ou deux, le temps de taper le site que vous voulez &hellip; <a href=\"https:\/\/www.reseau-to.fr\/site\/?p=10578\" class=\"more-link\">Continuer la lecture de <span class=\"screen-reader-text\">Rendre notre site visible<\/span> <span class=\"meta-nav\">&rarr;<\/span><\/a><\/p>\n","protected":false},"author":2,"featured_media":0,"comment_status":"open","ping_status":"open","sticky":false,"template":"","format":"standard","meta":{"jetpack_post_was_ever_published":false,"_jetpack_newsletter_access":"","_jetpack_dont_email_post_to_subs":false,"_jetpack_newsletter_tier_id":0,"_jetpack_memberships_contains_paywalled_content":false,"_jetpack_memberships_contains_paid_content":false,"footnotes":"","jetpack_publicize_message":"","jetpack_publicize_feature_enabled":true,"jetpack_social_post_already_shared":true,"jetpack_social_options":{"image_generator_settings":{"template":"highway","default_image_id":0,"font":"","enabled":false},"version":2}},"categories":[49],"tags":[],"class_list":["post-10578","post","type-post","status-publish","format-standard","hentry","category-articles-recents"],"jetpack_publicize_connections":[],"jetpack_featured_media_url":"","jetpack_sharing_enabled":true,"jetpack_shortlink":"https:\/\/wp.me\/parR3h-2KC","jetpack-related-posts":[{"id":1173,"url":"https:\/\/www.reseau-to.fr\/site\/?p=1173","url_meta":{"origin":10578,"position":0},"title":"LE FILM \u00ab\u00a0Histoire d&rsquo;un chantier national\u00a0\u00bb (Naje) est en ligne","author":"Jean-Fran\u00e7ois Martel","date":"2 janvier 2020","format":false,"excerpt":"\"Histoires d'un chantier national\" ce documentaire de Ren\u00e9 Baratta relate l\u2019histoire du chantier de NAJE 2017-2018 sur les classes sociales : de la r\u00e9colte des mat\u00e9riaux du spectacle \u00e0 l\u2019\u00e9criture du texte, puis des r\u00e9p\u00e9titions au spectacle de th\u00e9\u00e2tre-forum. Le r\u00e9alisateur a \u00e9t\u00e9 notre compagnon durant les neuf mois du\u2026","rel":"","context":"Dans &quot;Articles r\u00e9cents&quot;","block_context":{"text":"Articles r\u00e9cents","link":"https:\/\/www.reseau-to.fr\/site\/?cat=49"},"img":{"alt_text":"","src":"","width":0,"height":0},"classes":[]},{"id":70,"url":"https:\/\/www.reseau-to.fr\/site\/?p=70","url_meta":{"origin":10578,"position":1},"title":"4\u00e8me rencontre: l&rsquo;invitation.","author":"Jean-Fran\u00e7ois Martel","date":"25 janvier 2016","format":false,"excerpt":"\u00a0 \u00c0 :\u00a0participants@reseau-to.fr Objet :\u00a0stage 28 et 29 mars 2015 \u00a0 Bonjour \u00e0 toutes et tous les participants du r\u00e9seau TO \u00a0! \u00a0 Pour notre WE prochain des samedi 28 et dimanche 29 mars \u00a0: ADRESSE\u00a0: La fabrique de mouvements, 5 rue de Valmy\u00a0\u00e0\u00a0Aubervilliers. Prendre le RER B jusqu'\u00e0\u00a0la station\u2026","rel":"","context":"Dans &quot;Non class\u00e9&quot;","block_context":{"text":"Non class\u00e9","link":"https:\/\/www.reseau-to.fr\/site\/?cat=1"},"img":{"alt_text":"","src":"","width":0,"height":0},"classes":[]},{"id":7025,"url":"https:\/\/www.reseau-to.fr\/site\/?p=7025","url_meta":{"origin":10578,"position":2},"title":"La ligne des privil\u00e8ges pratiqu\u00e9e \u00e0 la RTO N\u00b014","author":"Jean-Fran\u00e7ois Martel","date":"19 octobre 2021","format":false,"excerpt":"LA LIGNE DES PRIVILEGES (pratiqu\u00e9e au cours de la rencontre N\u00b014 du r\u00e9seau, une autre version propose que chacun joue son propre personnage. Voir marche des privil\u00e8ges du qu\u00e9bec H\u00e9l\u00e9na nous distribue des personnages. Chacun.e va se mettre dans un coin et H\u00e9l\u00e9na nous pose des questions pour nous aider\u2026","rel":"","context":"Dans &quot;Articles r\u00e9cents&quot;","block_context":{"text":"Articles r\u00e9cents","link":"https:\/\/www.reseau-to.fr\/site\/?cat=49"},"img":{"alt_text":"","src":"","width":0,"height":0},"classes":[]},{"id":14263,"url":"https:\/\/www.reseau-to.fr\/site\/?p=14263","url_meta":{"origin":10578,"position":3},"title":"Nous avons perdu Jacqueline","author":"Jean-Fran\u00e7ois Martel","date":"11 mars 2025","format":false,"excerpt":"Jacqueline Martin, notre grande dame humaniste, r\u00e9volt\u00e9e, aux cheveux rouges, au grand sourire et au poing lev\u00e9, menait le th\u00e9\u00e2tre du Potimarron avec Jean-Mi, \u00e0 Strasbourg. Elle nous a quitt\u00e9s le 3 mars 2025, \u00e0 83 ans. Samedi 8 mars, une c\u00e9r\u00e9monie du souvenir a r\u00e9uni 150 personnes, pour deux\u2026","rel":"","context":"Dans &quot;Articles r\u00e9cents&quot;","block_context":{"text":"Articles r\u00e9cents","link":"https:\/\/www.reseau-to.fr\/site\/?cat=49"},"img":{"alt_text":"","src":"","width":0,"height":0},"classes":[]},{"id":4516,"url":"https:\/\/www.reseau-to.fr\/site\/?p=4516","url_meta":{"origin":10578,"position":4},"title":"Et Toc ! Forum sexisme (public)","author":"R\u00e9mi","date":"17 ao\u00fbt 2020","format":false,"excerpt":"Th\u00e9\u00e2tre Forum \u00abLA MAIN AUX FESSES\u00bb du groupe Et Toc! toctoctoc@riseup.net 1\u00e8re du BARATHON, NOTRE TOURN\u00c9E DANS LES BARS.et... DERNIER TH\u00c9\u00c2TRE FORUM AVANT CONFINEMENT ! par JF Martel jf.martel@orange.fr Me voil\u00e0 ce samedi 14 mars 2020 vers 13h, dans la salle d'attente de la petite gare d'Eymoutiers. Anecdote sur notre\u2026","rel":"","context":"Article similaire","block_context":{"text":"Article similaire","link":""},"img":{"alt_text":"","src":"","width":0,"height":0},"classes":[]},{"id":1121,"url":"https:\/\/www.reseau-to.fr\/site\/?p=1121","url_meta":{"origin":10578,"position":5},"title":"La technique des deux groupes polaris\u00e9s","author":"Jean-Fran\u00e7ois Martel","date":"22 novembre 2017","format":false,"excerpt":"Cette technique est le pr\u00e9alable \u00e0 la cr\u00e9ation d'un FORUM POLARISE c'est-\u00e0-dire d'un TF avec 2 points de vue dans le m\u00eame Th\u00e9\u00e2tre Forum. Mais elle peut aussi \u00eatre utilis\u00e9e \u00ab\u00a0en soi\u00a0\u00bb. Principe\u00a0: Le groupe n'est pas homog\u00e8ne, veut-il travailler l\u00e0-dessus\u00a0? Si oui, il s'agit d'abord d'obtenir 2 polarisations, c'est-\u00e0-dire\u2026","rel":"","context":"Dans &quot;Exercices et techniques \u00e0 partager&quot;","block_context":{"text":"Exercices et techniques \u00e0 partager","link":"https:\/\/www.reseau-to.fr\/site\/?cat=35"},"img":{"alt_text":"","src":"","width":0,"height":0},"classes":[]}],"_links":{"self":[{"href":"https:\/\/www.reseau-to.fr\/site\/index.php?rest_route=\/wp\/v2\/posts\/10578","targetHints":{"allow":["GET"]}}],"collection":[{"href":"https:\/\/www.reseau-to.fr\/site\/index.php?rest_route=\/wp\/v2\/posts"}],"about":[{"href":"https:\/\/www.reseau-to.fr\/site\/index.php?rest_route=\/wp\/v2\/types\/post"}],"author":[{"embeddable":true,"href":"https:\/\/www.reseau-to.fr\/site\/index.php?rest_route=\/wp\/v2\/users\/2"}],"replies":[{"embeddable":true,"href":"https:\/\/www.reseau-to.fr\/site\/index.php?rest_route=%2Fwp%2Fv2%2Fcomments&post=10578"}],"version-history":[{"count":4,"href":"https:\/\/www.reseau-to.fr\/site\/index.php?rest_route=\/wp\/v2\/posts\/10578\/revisions"}],"predecessor-version":[{"id":10979,"href":"https:\/\/www.reseau-to.fr\/site\/index.php?rest_route=\/wp\/v2\/posts\/10578\/revisions\/10979"}],"wp:attachment":[{"href":"https:\/\/www.reseau-to.fr\/site\/index.php?rest_route=%2Fwp%2Fv2%2Fmedia&parent=10578"}],"wp:term":[{"taxonomy":"category","embeddable":true,"href":"https:\/\/www.reseau-to.fr\/site\/index.php?rest_route=%2Fwp%2Fv2%2Fcategories&post=10578"},{"taxonomy":"post_tag","embeddable":true,"href":"https:\/\/www.reseau-to.fr\/site\/index.php?rest_route=%2Fwp%2Fv2%2Ftags&post=10578"}],"curies":[{"name":"wp","href":"https:\/\/api.w.org\/{rel}","templated":true}]}}