{"id":10415,"date":"2023-04-01T12:57:35","date_gmt":"2023-04-01T10:57:35","guid":{"rendered":"https:\/\/www.reseau-to.fr\/site\/?p=10415"},"modified":"2023-04-16T19:50:04","modified_gmt":"2023-04-16T17:50:04","slug":"rencontre-n16-par-julian-boal-lecole-de-theatre-populaire-a-rio-les-personnages-scindes","status":"publish","type":"post","link":"https:\/\/www.reseau-to.fr\/site\/?p=10415","title":{"rendered":"Rencontre N\u00b016. Par Julian Boal: L&rsquo;Ecole de Th\u00e9\u00e2tre Populaire \u00e0 Rio. \u00ab\u00a0Les personnages scind\u00e9s\u00a0\u00bb"},"content":{"rendered":"\t\t<div data-elementor-type=\"wp-post\" data-elementor-id=\"10415\" class=\"elementor elementor-10415\">\n\t\t\t\t\t\t<section class=\"elementor-section elementor-top-section elementor-element elementor-element-21867f17 elementor-section-boxed elementor-section-height-default elementor-section-height-default\" data-id=\"21867f17\" data-element_type=\"section\" data-e-type=\"section\">\n\t\t\t\t\t\t<div class=\"elementor-container elementor-column-gap-default\">\n\t\t\t\t\t<div class=\"elementor-column elementor-col-100 elementor-top-column elementor-element elementor-element-36eb41ee\" data-id=\"36eb41ee\" data-element_type=\"column\" data-e-type=\"column\">\n\t\t\t<div class=\"elementor-widget-wrap elementor-element-populated\">\n\t\t\t\t\t\t<div class=\"elementor-element elementor-element-59bb21c9 elementor-widget elementor-widget-text-editor\" data-id=\"59bb21c9\" data-element_type=\"widget\" data-e-type=\"widget\" data-widget_type=\"text-editor.default\">\n\t\t\t\t<div class=\"elementor-widget-container\">\n\t\t\t\t\t\t\t\t\t<p><strong>Rencontres N\u00b016 du RTO: journ\u00e9e du samedi 12 novembre 2022<\/strong><\/p>\n<!-- \/wp:paragraph -->\n\n<!-- wp:paragraph -->\n<p><strong>1) Julian Boal\u00a0 nous pr\u00e9sente l&rsquo;Ecole du th\u00e9\u00e2tre populaire (ETP) de Rio de Janeiro<br \/><\/strong>Histoire de l&rsquo;l\u2019Escola de Teatro Popular (ETP).<\/p>\n<!-- \/wp:paragraph -->\n\n<!-- wp:paragraph -->\n<p>Le mouvement des \u201ctravailleurs sans terre\u201d avait organis\u00e9 un festival d\u2019art de gauche, et avait demand\u00e9 \u00e0 Julian d\u2019\u00eatre le curateur pour l\u2019aile Th\u00e9\u00e2tre de l\u2019Opprim\u00e9. Julian a fait venir diff\u00e9rents groupes, qu\u2019il connaissait et qu\u2019il ne connaissait pas, notamment l&rsquo;\u00e9cole de th\u00e9\u00e2tre politique de Buenos Aires, qui les a beaucoup inspir\u00e9s. C\u2019est un mouvement qui promeut l\u2019autogestion des populations, et am\u00e8ne un \u00e9cosyst\u00e8me d\u2019espaces pr\u00e9-figuratifs qui montre une sociabilit\u00e9 autre. Par exemple une \u00e9cole o\u00f9 les parents participent compl\u00e8tement \u00e0 l\u2019organisation mais aussi \u00e0 la gestion des locaux, la propret\u00e9 etc.<\/p>\n<!-- \/wp:paragraph -->\n\n<!-- wp:paragraph -->\n<p>Cette \u00e9cole de th\u00e9\u00e2tre politique a \u00e9t\u00e9 une inspiration pour l\u2019ETP, mais iels ont fait le choix de s\u2019adresser \u00e0 des militant\u00b7es et pas \u00e0 la classe moyenne : les mouvements de jeunesse anticapitalistes et mouvements d\u2019occupation rurale ou urbaine (type ZAD). Iels donnent des cours de TO et des cours de th\u00e9\u00e2tre \u00e9pique.<\/p>\n<!-- \/wp:paragraph -->\n\n<!-- wp:paragraph -->\n<p>La question de l&rsquo;esth\u00e9tique s&rsquo;est pos\u00e9e dans ces mouvements sociaux\u00a0: l&rsquo; esth\u00e9tique \u00e9tait tr\u00e8s positive, tr\u00e8s h\u00e9ro\u00efcisante\u2026 Une rencontre avec une autre compagnie qui montrait la r\u00e9alit\u00e9 des choses plut\u00f4t que montrer des symboles positifs inspirants, a donn\u00e9 envie d\u2019une esth\u00e9tique \u201cplus n\u00e9gative\u201d. <br \/>En mars 2018\u00a0: assassinat de Marielle Franco, conseill\u00e8re municipale \u00e0 Rio. Cet \u00e9v\u00e9nement a \u00e9t\u00e9 le signe que tout le monde pouvait mourir. Suite te \u00e0 \u00e7a, l\u2019ETP a voulu devenir une \u00e9cole militante : manifestations \u00e0 la suite de l\u2019assassinat de Marielle Franco, et sc\u00e8nes jou\u00e9es autour de ces manifestations pour parler avec les gens qui n\u2019\u00e9taient pas dans les manifs, essayer de vaincre la peur et reprendre la rue, convaincre les gens qu&rsquo;une bonne rage c\u2019est une rage organis\u00e9e.<br \/>Malgr\u00e9 tout \u00e7a, Bolsonaro a gagn\u00e9 la m\u00eame ann\u00e9e. Nous avions besoin d\u2019\u00eatre plus fort\u00b7es et plus organis\u00e9\u00b7es : envie d\u2019\u00eatre une \u00e9cole-r\u00e9seau d\u2019ateliers de th\u00e9\u00e2tre, tous faits en collaboration avec des mouvements sociaux.<br \/>Certains mouvements sociaux organisent des \u00e9coles \u00ab\u00a0pr\u00e9 -bac\u201d. Mais la dur\u00e9e, le programme de ces \u00e9coles restent d\u00e9termin\u00e9s par le calendrier et les sujets impos\u00e9s par l\u2019\u00c9tat. Pour notre th\u00e9\u00e2tre, iels pouvaient choisir des sujets diff\u00e9rents, pas de crit\u00e8re de mati\u00e8re scolaire. De plus, le th\u00e9\u00e2tre organise les gens dans leur quartier directement. <br \/>A ce moment, l\u2019\u00e9cole commence \u00e0 \u00eatre beaucoup plus grande (plus de 60 personnes), et propose des formations anti-capitalistes, f\u00e9ministes, etc. Elle commence \u00e0 \u00eatre financ\u00e9e par deux d\u00e9put\u00e9.es. Et l\u00e0, la crise sanitaire arrive : l\u2019ETP est oblig\u00e9e de s\u2019organiser autrement, c\u2019est difficile pour des questions financi\u00e8res, d\u2019espaces disponibles, ,etc. L\u2019ETP devient plus acad\u00e9mique (beaucoup d\u2019\u00e9tudiant\u00b7es) et se \u201cblanchit\u201d un peu. Au bout d\u2019un certain temps, il y a eu une fatigue d\u2019internet et du fonctionnement covid. Enfin, les vaccins arrivent : petit espoir.<br \/>Pendant la pand\u00e9mie nous avons fait des distributions de carnets de po\u00e9sies avec les paniers alimentaires.<br \/>Mais l\u2019ETP n\u2019avait pas vu la transformation de Rio post-pand\u00e9mie : d\u2019un c\u00f4t\u00e9 l\u2019ETP arrive \u00e0 grandir (8 groupes au lieu de 4) mais des groupes tr\u00e8s faibles (3 \u00e0 5 personnes par groupe, au lieu de 10 ou 12).<br \/>De plus, il y a des gens pro Bolsonaro dans les groupes\u00a0! Certes, un objectif \u00e9tait de sortir de l\u2019entre soi de gauche\u00a0! Mais l\u00e0, c\u2019est devenu difficile de se parler. La vie des gens est aussi compl\u00e8tement diff\u00e9rente d\u2019avant la pand\u00e9mie : par exemple des lyc\u00e9en\u00b7es cherchent beaucoup moins \u00e0 rentrer en fac&#8230; parce qu\u2019il n\u2019y a plus d\u2019argent. Il y a maintenant beaucoup de d\u00e9crochage scolaire pour raisons financi\u00e8res.<br \/>La question qui se pose alors : comment parler aux gens qui ne vont plus dans les structures o\u00f9 iels se rencontraient avant ?<br \/><strong>Remarque sur les fake news<\/strong>. Les personnes y croient parce que\u00a0:<br \/>1) leur vie est d\u00e9j\u00e0 absurde donc les fake news sont moins choquantes pour elles<br \/>2) c\u2019est confortable, et plus facile de suivre une structure qui r\u00e9pond \u00e0 tes besoins, et pr\u00f4nent solidarit\u00e9 et sociabilit\u00e9 : et l\u00e0, les \u00e9glises \u00e9vang\u00e9liques sont tr\u00e8s fortes.<\/p>\n<!-- \/wp:paragraph -->\n\n<!-- wp:paragraph -->\n<p>Il nous faut donc nous aussi cr\u00e9er des mouvements de solidarit\u00e9 : la sociabilisation via les repr\u00e9sentations de th\u00e9\u00e2tre.<\/p>\n<!-- \/wp:paragraph -->\n\n<!-- wp:paragraph -->\n<p><strong>2) LES PERSONNAGES SCINDES\u00a0: Julian nous propose d&rsquo;explorer ce concept.<\/strong> Pour cela, voici des exercices 2 par 2, en mode foire. (c&rsquo;est-\u00e0-dire que tout le grand groupe travaille simultan\u00e9ment).<\/p>\n<!-- \/wp:paragraph -->\n\n<!-- wp:paragraph -->\n<p><strong>Le Samoura\u00ef.<\/strong><br \/>Duel (sans parole) de deux samoura\u00efs\u00a0: chacun est terrifi\u00e9 par l\u2019autre et pense que l\u2019autre est plus fort, mais chacun veut combattre.<\/p>\n<!-- \/wp:paragraph -->\n\n<!-- wp:paragraph -->\n<p><strong>Attirance et peur.<\/strong><br \/>Un couple d\u2019adolescent\u00b7es du m\u00eame genre s\u2019aime mais aucun\u00b7e ne s\u2019est r\u00e9v\u00e9l\u00e9\u00b7e \u00e0 l\u2019autre. Iels ont peur de se montrer et en m\u00eame temps sont tr\u00e8s attir\u00e9\u00b7es par l\u2019autre.<\/p>\n<!-- \/wp:paragraph -->\n\n<!-- wp:paragraph -->\n<p><strong>Avec quelqu&rsquo;un qu&rsquo;on d\u00e9teste, convaincre un auditoire.<\/strong><br \/>Peu importe le th\u00e8me, on doit convaincre un public (fictif) aux c\u00f4t\u00e9s de quelqu\u2019un qu\u2019on ne supporte pas. Les deux personnes se coupent la parole, essaient de reprendre le focus, mais en tentant de ne pas montrer leur antagonisme au public.<\/p>\n<!-- \/wp:paragraph -->\n\n<!-- wp:paragraph -->\n<p><strong>Garder bonne figure.<\/strong><br \/>Couple s\u00e9par\u00e9 depuis 3 semaines, rest\u00e9 en couple pendant 4 ans. Une personne n\u2019en pouvait plus, elle est partie. L\u2019autre personne est extr\u00eamement malheureuse, ne dort plus etc. C&rsquo;est la premi\u00e8re fois que le couple se revoit. La personne malheureuse ne veut rien montrer de sa souffrance. L&rsquo;autre personne n&rsquo;a ni angoisse, ni volont\u00e9 de contredire, elle est juste tranquille,\u00a0\u00ab\u00a0gentille\u00a0\u00bb.<br \/>Dans cette improvisation, on utilise un objet important (ou qui le fut)\u00a0: des cl\u00e9s, une lettre, un bibelot, peu importe. A un moment donn\u00e9, par hasard, ils entendent&#8230; \u201cleur\u201d musique\u00a0! Celle qu&rsquo;ils ont tant \u00e9cout\u00e9e ensemble\u00a0! La personne malheureuse s\u2019en rend compte, l\u2019autre pas du tout.<\/p>\n<!-- \/wp:paragraph -->\n\n<!-- wp:paragraph -->\n<p><strong>L&#8217;employ\u00e9 des pompes fun\u00e8bres.<\/strong><br \/>Il est en totale empathie avec une personne qui pleure son grand-p\u00e8re devant le cercueil, et qui r\u00e9agit de mani\u00e8re tr\u00e8s extravertie, avec cris et pleurs. Mais par sa fonction, il doit le faire \u00ab\u00a0d\u00e9gager\u00a0\u00bb sans tarder car un autre corps arrive\u00a0!<\/p>\n<!-- \/wp:paragraph -->\n\n<!-- wp:paragraph -->\n<p><strong>Un\u00b7e ado annonce son homosexualit\u00e9 \u00e0 un de ses parents.<br \/>L<\/strong>e parent lui r\u00e9pond en apparence en acceptant, mais au fond de sa pens\u00e9e et de ses convictions (et donc dans son discours) il est totalement homophobe.<\/p>\n<!-- \/wp:paragraph -->\n\n<!-- wp:paragraph -->\n<p><strong>COMMENTAIRES<\/strong>\u00a0: Les contradictions ont toujours \u00e9t\u00e9 utilis\u00e9es pour construire des histoires. Pour Brecht : l\u2019acteur qui incarne un personnage ivre ne joue pas l\u2019ivresse mais la tentative de cacher l\u2019ivresse. On peut voir dans \u201cVentres glac\u00e9s\u201d de Brecht une s\u00e9quence (du film) qui montre bien la contradiction du personnage.<\/p>\n<!-- \/wp:paragraph -->\n\n<!-- wp:paragraph -->\n<p><strong>Un exemple clair de personnage scind\u00e9.<br \/><\/strong>Dans\u201cm\u00e8re courage\u201d de Brecht, cette m\u00e8re de trois enfants, pour survivre et leur donner \u00e0 manger, profite du march\u00e9 d\u00e9sorganis\u00e9 en temps de guerre, en vendant diverses marchandises avec une charrette \u00e0 bras, que ses fils l&rsquo;aident \u00e0 tirer. Ils rencontrent des soldats qui s&rsquo;int\u00e9ressent au plus \u00e2g\u00e9 et pr\u00eachent pour l&rsquo;enr\u00f4ler. Elle veut \u00e9loiger son fils, pour le sauver, mais un des soldats la retient longuement en lui achetant quelque chose (vendre est indispensable pour elle). Pendat ce temps, l\u00a0\u00bbautre soldat parvient \u00e0 emmener le jeune&#8230;<br \/>&#8211;<strong>Comme m\u00e8re <\/strong>elle doit nourrir ses enfants (donc rester et vendre)<br \/>&#8211;<strong>Comme m\u00e8re<\/strong> elle doit les prot\u00e9ger de l&rsquo;enr\u00f4lement (donc partir, \u00e9viter ces soldats)<\/p>\n<!-- \/wp:paragraph -->\n\n<!-- wp:paragraph -->\n<p>Ce type de sc\u00e8ne permet de sortir du strict\u00a0\u00ab\u00a0inter-individuel\u00a0\u00bb (la relation m\u00e8re &#8211; le soldat) sans pour autant rentrer dans une sc\u00e8ne didactique avec des statistiques.<br \/>Notre exercice de base \u00e0 l\u2019ETP : cr\u00e9er des images contradictoires. On essaie\u00a0?<br \/><br \/><strong>Trois groupes pr\u00e9parent une sc\u00e8ne amen\u00e9e par le v\u00e9cu d&rsquo;un\u00b7e participant\u00b7e.<\/strong><br \/><strong>1) A l\u2019h\u00f4pital:<\/strong><br \/>Vouloir faire bien son m\u00e9tier en tant que soignant\u00b7e (accompagnement et soin) et en \u00eatre emp\u00each\u00e9\u00b7e par le temps et les moyens humains qui manquent. Une infirmi\u00e8re accueille et accompagne une personne hospitalis\u00e9e tr\u00e8s angoiss\u00e9e, qui se sent au bord de la mort. Elle reste au bord de son lit, mais pendant ce temps l\u00e0, la sonnette du voisin retentit, puis on entend celui-ci appeler et r\u00e9p\u00e9ter \u00ab\u00a0vite, vite, ma poche de transfusion est vide\u00a0\u00bb Un \u00ab\u00a0cadre de sant\u00e9\u00a0\u00bb surgit et dit au soignant \u201cEnfin\u00a0! Faites votre boulot\u201d. \u00ab\u00a0Je peux pas \u00eatre \u00e0 deux endroits en m\u00eame temps, aidez moi\u00a0!\u00a0\u00bb<br \/>\u00ab\u00a0Ce n\u2019est pas mon travaii, et du travail, je n&rsquo;en manque pas, moi non plus\u00a0!\u201d<br \/><strong>COMMENTAIRE\u00a0<\/strong>: la contradiction est li\u00e9e \u00e0 l&rsquo;organisation du travail : ce n\u2019est pas un manque de volont\u00e9, c\u2019est l&rsquo;organisation concr\u00e8te de ma profession qui se contredit\u00a0: Je dois r\u00e9conforter ET soigner. On peut ainsi considrer que le cadre de sant\u00e9 est lui aussi scind\u00e9.<\/p>\n<!-- \/wp:paragraph -->\n\n<!-- wp:paragraph -->\n<p><strong>2) A l\u2019\u00e9cole :<\/strong><\/p>\n<!-- \/wp:paragraph -->\n\n<!-- wp:list -->\n<ul><!-- wp:list-item -->\n<li>Un enfant \u00ab\u00a0en situation de handicap\u00a0\u00bb aujourd&rsquo;hui son AESH est absente. L&rsquo;institutrice se retrouve devant la crise d\u2019angoisse de l&rsquo;enfant, tout en ayant le groupe classe \u00e0 g\u00e9rer, la continuit\u00e9 des programmes, du cours \u00e0 assurer\u2026<\/li>\n<!-- \/wp:list-item -->\n\n<!-- wp:list-item -->\n<li><strong>COMMENTAIRES\u00a0:<\/strong><br \/>-Quelle est la r\u00e9alit\u00e9 et comment s&rsquo;exerce-t-elle, \u00e0 propos de la contrainte \u00e0 continuer le programme \u00e0 l\u2019\u00e9cole ?<\/li>\n<!-- \/wp:list-item -->\n\n<!-- wp:list-item -->\n<li>-L&rsquo;ensemble des besoins des enfants ne peut pas \u00eatre couvert. Comme dans la premi\u00e8re sc\u00e8ne.<\/li>\n<!-- \/wp:list-item -->\n\n<!-- wp:list-item -->\n<li>-Quelques id\u00e9es pour enrichir la sc\u00e8ne\u00a0:<br \/>Le syst\u00e8me et les programmes peuvent \u00eatre repr\u00e9sent\u00e9s par les inspecteurs. Ou par la directrice, qui reprocherait \u00e0 l&rsquo;enseignante soit le choix de faire des jeux avec les enfants (l&rsquo;enfant angoiss\u00e9 \u00e0 bras) soit de laisser la classe \u00e9tudier en \u00ab\u00a0autonomie\u00a0\u00bb pendant qu&rsquo;elle tente de rassurer celui-ci.<\/li>\n<!-- \/wp:list-item --><\/ul>\n<!-- \/wp:list -->\n\n<!-- wp:paragraph -->\n<p><strong>3) La subvention pour les ateliers th\u00e9\u00e2tre :<\/strong><\/p>\n<!-- \/wp:paragraph -->\n\n<!-- wp:list -->\n<ul><!-- wp:list-item -->\n<li>R\u00e9union. La Directrice du Centre Social dit \u00e0 l\u2019intervenante th\u00e9\u00e2tre : \u201cC\u2019est super votre travail, on veut continuer \u00e0 bosser avec vous. Mais je n&rsquo;ai plus de budget\u201d. Le fonctionnaire territorial dont d\u00e9pend la subvention arrive et annonce\u00a0: cette ann\u00e9e, \u201clutte contre la radicalisation ET pr\u00e9vention des addictions\u201d. Le projet est \u00e0 d\u00e9poser sous 3 jours, en co-cr\u00e9ation avec les parents.<br \/>Combien d&rsquo;heures\u00a0en tout ? (tr\u00e8s peu). A r\u00e9aliser dans les 5 mois \u00e0 venir, avec un spectacle \u00e0 la fin, pour que \u00ab\u00a0les parents prennent conscience des probl\u00e8mes de leurs enfants\u00a0\u00bb.<br \/>L\u2019intervenante : \u201cok pour des ateliers avec les jeunes, mais pour un spectacle, il faudra voir avec eux\u00a0\u00bb.<br \/>Sc\u00e8ne suivante\u00a0: une ado annonce \u201cJe veux pas faire de spectacle.\u201d<br \/>La directrice demande \u00e0 l\u2019intervenante de d\u00e9fendre le projet devant la jeune, \u00ab\u00a0vous pourriez faire des ateliers int\u00e9ressants avec les jeunes et puis, hop, une pr\u00e9sentation dr\u00f4le avec les parents, allez\u00a0! Vous savez si bien faire\u00a0!\u2026\u00a0\u00bb Comprenez qu&rsquo;il le faut, sinon je n&rsquo;aurai pas le budget\u00a0\u00bb. COMMENTAIRES\u00a0:<\/li>\n<!-- \/wp:list-item --><\/ul>\n<!-- \/wp:list -->\n\n<!-- wp:paragraph -->\n<p>&#8211; Une injonction paradoxale\u00a0: faites \u00e7a, mais on ne vous donne pas les moyens.<br \/>&#8211; Le pire, c&rsquo;est que si on accepte et on arrive quand m\u00eame \u00e0 le faire, alors on justifie qu\u2019on peut faire mieux avec moins.<\/p>\n<!-- \/wp:paragraph -->\n\n<!-- wp:list -->\n<ul><!-- wp:list-item -->\n<li>\u00a0<\/li>\n<!-- \/wp:list-item --><\/ul>\n<!-- \/wp:list -->\n\n<!-- wp:paragraph -->\n<p><strong>De l&rsquo;mportance de construire des images<\/strong><br \/>D&rsquo;abord parce que cela permet de montrer comment on est soumis \u00e0 des processus dont on est conscient ou pas. L&rsquo;image montr\u00e9e peut cr\u00e9er la distance et aider \u00e0 la prise de conscience.<br \/>Exemple\u00a0: Comment montrer le probl\u00e8me de l\u2019esclavage sans le r\u00e9duire aux actions des ma\u00eetres face aux esclaves ?<br \/>Dans les sc\u00e8nes de tout \u00e0 l\u2019heure, il y a une condition sociale qui ne permet pas de sortir de la contradiction. L&rsquo;oppression fait que le personnage est <strong>scind\u00e9.<\/strong> .<\/p>\n<!-- \/wp:paragraph -->\n\n<!-- wp:paragraph -->\n<p><strong>Quelques exemples\u00a0et r\u00e9flexions <\/strong>:<br \/>Au Br\u00e9sil, dans une sc\u00e8ne, la poiice arr\u00eate un Indig\u00e8ne en amazonie. Spontan\u00e9ment, on se dit qu&rsquo;il s&rsquo;agit d&rsquo;un banal abus de pouvoir raciste. Mais cette homme vit de la destruction de la for\u00eat, et donc contrevient \u00e0 la loi\u00a0!<br \/>La situation est telle qu&rsquo;on vit aussi de ce qui nous d\u00e9truit. Ce qui engendre la folie.<br \/>-Les vignerons mettent des pesticides et leurs enfants naissent avec une maladie.<br \/>-En France, le travail social construit lui-m\u00eame des cat\u00e9gories. Jusqu&rsquo;\u00e0 parfois \u00e9tiquetter des enfants \u00ab\u00a0neuro-atypiques\u00a0\u00bb pour gagner des droits li\u00e9s \u00e0 ces pathologies et continuer \u00e0 survivre. Ainsi il faut parfois trouver des raisons m\u00e9dicales pour pouvoir \u00eatre demandeurs d\u2019asile et rester en France. Pour cela il faut donc se montrer \u00ab\u00a0malade\u00a0\u00bb.<\/p>\n<!-- \/wp:paragraph -->\n\n<!-- wp:paragraph -->\n<p><strong>L&rsquo;opprim\u00e9 est-il conscient de ce qui lui arrive\u00a0?<\/strong><br \/>Dans les th\u00e9\u00e2tre forums, c&rsquo;est souvent le cas. L\u00e0, la proposition n\u2019est pas forc\u00e9ment le cas. Ainsi dans Brecht la \u201cm\u00e8re courage\u201d veut vivre de la guerre sans payer son d\u00fb \u00e0 la guerre. Elle cherche aussi son enfant que l\u2019on sait mort. Le personnage ne comprend pas ce qui se passe, mais le public, lui, comprend.<br \/>On n\u2019a pas forc\u00e9ment besoin de mod\u00e8les sur sc\u00e8ne qui donnent de l\u2019espoir, et qui ainsi proposent au public des mod\u00e8les \u00e0 suivre.<br \/>On peut aussi monter des spectacles de forum o\u00f9 il n\u2019y a pas que des sc\u00e8nes d\u2019interventions. Ces sc\u00e8nes d\u2019interventions ne sont pas des face \u00e0 face entre l&rsquo;opprim\u00e9 et le grand oppresseur.<br \/>A l&rsquo;ETP, nous proposons en atelier des sc\u00e8nes mod\u00e8les, et demandons aux participants de construire leurs propres sc\u00e8nes \u00e0 partir de ces mod\u00e8les.<\/p>\n<!-- \/wp:paragraph -->\n\n<!-- wp:paragraph -->\n<p><strong>A propos des \u00ab\u00a0subversifs soumis\u00a0\u00bb<\/strong>.<\/p>\n<!-- \/wp:paragraph -->\n\n<!-- wp:paragraph -->\n<p>Penser les possibles alli\u00e9s comme des subversifs\/soumis nous permet de faire des forums sur la construction d\u2019alliances et ses difficult\u00e9s. Ceci, plut\u00f4t que sur la confrontation directe entre un opprim\u00e9 et les grands oppresseurs.<\/p>\n<!-- \/wp:paragraph -->\n\n<!-- wp:paragraph -->\n<p>Exemple\u00a0: Je ne fais rien contre la gentrification des favellas parce que \u00e7a me rapporte quelque chose\u00a0: des norv\u00e9giens y ach\u00e8tent des maisons, une bo\u00eete de nuit s&rsquo;y installe, jamais il n\u2019a \u00e9t\u00e9 d\u00e9pens\u00e9 autant d\u2019argent dans la favella&#8230; Le conducteur de moto-taxi gagne pas mal d&rsquo;argent avec ce type de clients, mais il participe ainsi \u00e0 la destruction du milieu de vie de sa propre famille.<br \/><strong>But du th\u00e9\u00e2tre forum\u00a0:<\/strong><br \/>Pour l&rsquo;ETP, le but n&rsquo;est pas que \u00e7a se r\u00e9solve sur sc\u00e8ne, mais que \u00e7a cr\u00e9e de la mobilisation. Pour nous, le TO cherche \u00e0 rassembler les classes populaires pour lutter contre les oppressions. Augusto Boal : \u201c<em>C\u2019est plus important une bonne discussion qu\u2019une bonne solution\u201d<\/em><br \/>Les oppressions dont souffrent les gens ne peuvent pas se r\u00e9soudre \u00e0 l\u2019\u00e9chelle individuelle. Le probl\u00e8me n\u2019a pas commenc\u00e9 dans la salle de l&rsquo;atelier, comment pourrait-il se terminer dans cette salle\u00a0? Augusto Boal : \u201c<em>C\u2019est plus important une bonne discussion qu\u2019une bonne solution.\u201d<\/em><br \/>Attention\u00a0: on peut faire des TF qui \u00ab\u00a0tournent bien\u00a0\u00bb, qu&rsquo;on joue souvent, mais qui n\u2019ont pas de liens avec les conjonctures sociales et politiques, donc peu d&rsquo;impact\u2026 On ne joue pas de spectacle simplement pour jouer, mais pour contribuer \u00e0 l&rsquo;alliance entre mouvements sociaux.<\/p>\n<!-- \/wp:paragraph -->\n\n<!-- wp:paragraph -->\n<p><strong>Un th\u00e9\u00e2tre de gu\u00e9rilla se pose la question\u00a0:<br \/>Quelle est la conjoncture sensible ? Comment se positionner ?<\/strong><\/p>\n<!-- \/wp:paragraph -->\n\n<!-- wp:paragraph -->\n<p><em>Notes mises en forme par JF Martel, relues et compl\u00e9t\u00e9es par Julian Boal, \u00e0 partir des notes de Carole de la Cie les incarn\u00e9es (Lyon) et pas de B\u00e9atrice Charreton, comme annonc\u00e9 ! (d\u00e9sol\u00e9 de cette erreur d&rsquo;attribution !) Merci \u00e0 elle. <\/em><\/p>\t\t\t\t\t\t\t\t<\/div>\n\t\t\t\t<\/div>\n\t\t\t\t\t<\/div>\n\t\t<\/div>\n\t\t\t\t\t<\/div>\n\t\t<\/section>\n\t\t\t\t<\/div>\n\t\t","protected":false},"excerpt":{"rendered":"<p>Rencontres N\u00b016 du RTO: journ\u00e9e du samedi 12 novembre 2022 1) Julian Boal\u00a0 nous pr\u00e9sente l&rsquo;Ecole du th\u00e9\u00e2tre populaire (ETP) de Rio de JaneiroHistoire de l&rsquo;l\u2019Escola de Teatro Popular (ETP). Le mouvement des \u201ctravailleurs sans terre\u201d avait organis\u00e9 un festival d\u2019art de gauche, et avait demand\u00e9 \u00e0 Julian d\u2019\u00eatre le curateur pour l\u2019aile Th\u00e9\u00e2tre de &hellip; <a href=\"https:\/\/www.reseau-to.fr\/site\/?p=10415\" class=\"more-link\">Continuer la lecture de <span class=\"screen-reader-text\">Rencontre N\u00b016. Par Julian Boal: L&rsquo;Ecole de Th\u00e9\u00e2tre Populaire \u00e0 Rio. \u00ab\u00a0Les personnages scind\u00e9s\u00a0\u00bb<\/span> <span class=\"meta-nav\">&rarr;<\/span><\/a><\/p>\n","protected":false},"author":2,"featured_media":0,"comment_status":"open","ping_status":"open","sticky":false,"template":"","format":"standard","meta":{"jetpack_post_was_ever_published":false,"_jetpack_newsletter_access":"","_jetpack_dont_email_post_to_subs":false,"_jetpack_newsletter_tier_id":0,"_jetpack_memberships_contains_paywalled_content":false,"_jetpack_memberships_contains_paid_content":false,"footnotes":"","jetpack_publicize_message":"","jetpack_publicize_feature_enabled":true,"jetpack_social_post_already_shared":true,"jetpack_social_options":{"image_generator_settings":{"template":"highway","default_image_id":0,"font":"","enabled":false},"version":2}},"categories":[49],"tags":[],"class_list":["post-10415","post","type-post","status-publish","format-standard","hentry","category-articles-recents"],"jetpack_publicize_connections":[],"jetpack_featured_media_url":"","jetpack_sharing_enabled":true,"jetpack_shortlink":"https:\/\/wp.me\/parR3h-2HZ","jetpack-related-posts":[{"id":2407,"url":"https:\/\/www.reseau-to.fr\/site\/?p=2407","url_meta":{"origin":10415,"position":0},"title":"Biographie de Boal","author":"Jean-Fran\u00e7ois Martel","date":"19 novembre 2018","format":false,"excerpt":"JF Martel, en charge du site, le 19 nov 18. en.vie.theatre@wanadoo.fr Cette biographie d'Augusto Boal, a \u00e9t\u00e9 pr\u00e9sent\u00e9e le 27\/3\/2009, \u00e0 l'UNESCO (PARIS) au cours de la journ\u00e9e d'hommage qui lui \u00e9tait consacr\u00e9e. Plusieurs lectures ont eu lieu, un th\u00e9\u00e2tre forum fut jou\u00e9 par des membres du GTO et de\u2026","rel":"","context":"Dans &quot;Augusto Boal&quot;","block_context":{"text":"Augusto Boal","link":"https:\/\/www.reseau-to.fr\/site\/?cat=59"},"img":{"alt_text":"","src":"","width":0,"height":0},"classes":[]},{"id":1666,"url":"https:\/\/www.reseau-to.fr\/site\/?p=1666","url_meta":{"origin":10415,"position":1},"title":"Le Th\u00e9\u00e2tre de l\u2019Opprim\u00e9 : matrice symbolique de l\u2019espace public (th\u00e8se de Cl\u00e9ment Poutot)","author":"R\u00e9mi","date":"20 f\u00e9vrier 2018","format":false,"excerpt":"Invent\u00e9 par Augusto Boal dans les ann\u00e9es 1970 en Am\u00e9rique latine, le th\u00e9\u00e2tre de l\u2019opprim\u00e9 a pour objectif de conjuguer l\u2019expression artistique avec un travail de r\u00e9flexion collective sur le groupe et la soci\u00e9t\u00e9, en encourageant la participation et l\u2019implication. Cette forme particuli\u00e8re de th\u00e9\u00e2tre laisse entendre que son action\u2026","rel":"","context":"Dans &quot;Articles et Livres&quot;","block_context":{"text":"Articles et Livres","link":"https:\/\/www.reseau-to.fr\/site\/?cat=58"},"img":{"alt_text":"","src":"","width":0,"height":0},"classes":[]},{"id":578,"url":"https:\/\/www.reseau-to.fr\/site\/?p=578","url_meta":{"origin":10415,"position":2},"title":"The\u00e2tre de l&rsquo;Opprim\u00e9.e de Nantes","author":"Jean-Fran\u00e7ois Martel","date":"10 octobre 2016","format":false,"excerpt":"Th\u00e9\u00e2tre de \u00a0 \u00a0 L\u2019Opprim\u00e9.e\u00a0 \u00a0 \u00a0 \u00a0 de Nantes Le Th\u00e9\u00e2tre de l\u2019Opprim\u00e9.e de Nantes est une troupe de com\u00e9dien.nes amateur.es militant.es, f\u00e9ministes, syndicalistes, antiracistes qui travaillent \u00e0 partir des m\u00e9thodes propos\u00e9es par Augusto Boal et par les mouvements d\u2019\u00e9ducation populaire pour proposer une autre fa\u00e7on de d\u00e9battre afin\u2026","rel":"","context":"Dans &quot;Non class\u00e9&quot;","block_context":{"text":"Non class\u00e9","link":"https:\/\/www.reseau-to.fr\/site\/?cat=1"},"img":{"alt_text":"","src":"","width":0,"height":0},"classes":[]},{"id":1915,"url":"https:\/\/www.reseau-to.fr\/site\/?p=1915","url_meta":{"origin":10415,"position":3},"title":"Hommage \u00e0 notre amie Muriel","author":"Jean-Fran\u00e7ois Martel","date":"28 mars 2018","format":false,"excerpt":"Texte lu aux obs\u00e8ques de Muriel Naessens, le jeudi 18 f\u00e9vrier 2016, cimeti\u00e8re du P\u00e8re Lachaise (75) Muriel, on avait tous les deux 20 ans en mai 68. J'ai rencontr\u00e9 l'\u00e9quipe de Boal en 1980... Bernard, Lorette, puis toi, Jean-Paul... Peu apr\u00e8s tu jouais dans le TF dirig\u00e9 par Boal,\u2026","rel":"","context":"Dans &quot;Non class\u00e9&quot;","block_context":{"text":"Non class\u00e9","link":"https:\/\/www.reseau-to.fr\/site\/?cat=1"},"img":{"alt_text":"","src":"","width":0,"height":0},"classes":[]},{"id":4087,"url":"https:\/\/www.reseau-to.fr\/site\/?p=4087","url_meta":{"origin":10415,"position":4},"title":"25 ans de Th\u00e9\u00e2tre de l&rsquo;opprim\u00e9 avec Jana Sanskriti (Inde)","author":"Jean-Fran\u00e7ois Martel","date":"28 mars 2020","format":false,"excerpt":"Par JF Martel. J'ai \u00e9crit ce texte \u00e0 la demande des amis sociologues Sophie et Cl\u00e9ment, qui ont suivi les premi\u00e8res r\u00e9unions de notre r\u00e9seau, pour une publication \u00e0 venir dans la revue \"THAETRE. J'y raconte, chapitre par chapitre, le premier stage TO en Inde (1991) leurs diff\u00e9rentes venues en\u2026","rel":"","context":"Dans &quot;Articles et Livres&quot;","block_context":{"text":"Articles et Livres","link":"https:\/\/www.reseau-to.fr\/site\/?cat=58"},"img":{"alt_text":"","src":"","width":0,"height":0},"classes":[]},{"id":10488,"url":"https:\/\/www.reseau-to.fr\/site\/?p=10488","url_meta":{"origin":10415,"position":5},"title":"Un atelier TO et trois  th\u00e9\u00e2tres forums en P\u00e9dagogie Freinet","author":"Jean-Fran\u00e7ois Martel","date":"23 avril 2023","format":false,"excerpt":"Voici un extrait (le deuxi\u00e8me) d'un texte de 3 parties, qui m'a \u00e9t\u00e9 demand\u00e9 par l'ICEM (le mouvement Freinet). 3 chapitres ci-dessous: introduction, l'atelier, les 3 sc\u00e8nes de th\u00e9\u00e2tre forum public. Introduction : Du th\u00e9\u00e2tre libre au th\u00e9\u00e2tre de l\u2019opprim\u00e9 J'ai rencontr\u00e9 la p\u00e9dagogie Freinet en mai 1968. Devenu instituteur\u2026","rel":"","context":"Dans &quot;Articles r\u00e9cents&quot;","block_context":{"text":"Articles r\u00e9cents","link":"https:\/\/www.reseau-to.fr\/site\/?cat=49"},"img":{"alt_text":"","src":"","width":0,"height":0},"classes":[]}],"_links":{"self":[{"href":"https:\/\/www.reseau-to.fr\/site\/index.php?rest_route=\/wp\/v2\/posts\/10415","targetHints":{"allow":["GET"]}}],"collection":[{"href":"https:\/\/www.reseau-to.fr\/site\/index.php?rest_route=\/wp\/v2\/posts"}],"about":[{"href":"https:\/\/www.reseau-to.fr\/site\/index.php?rest_route=\/wp\/v2\/types\/post"}],"author":[{"embeddable":true,"href":"https:\/\/www.reseau-to.fr\/site\/index.php?rest_route=\/wp\/v2\/users\/2"}],"replies":[{"embeddable":true,"href":"https:\/\/www.reseau-to.fr\/site\/index.php?rest_route=%2Fwp%2Fv2%2Fcomments&post=10415"}],"version-history":[{"count":5,"href":"https:\/\/www.reseau-to.fr\/site\/index.php?rest_route=\/wp\/v2\/posts\/10415\/revisions"}],"predecessor-version":[{"id":10460,"href":"https:\/\/www.reseau-to.fr\/site\/index.php?rest_route=\/wp\/v2\/posts\/10415\/revisions\/10460"}],"wp:attachment":[{"href":"https:\/\/www.reseau-to.fr\/site\/index.php?rest_route=%2Fwp%2Fv2%2Fmedia&parent=10415"}],"wp:term":[{"taxonomy":"category","embeddable":true,"href":"https:\/\/www.reseau-to.fr\/site\/index.php?rest_route=%2Fwp%2Fv2%2Fcategories&post=10415"},{"taxonomy":"post_tag","embeddable":true,"href":"https:\/\/www.reseau-to.fr\/site\/index.php?rest_route=%2Fwp%2Fv2%2Ftags&post=10415"}],"curies":[{"name":"wp","href":"https:\/\/api.w.org\/{rel}","templated":true}]}}